{"id":773,"date":"2015-12-09T03:40:59","date_gmt":"2015-12-09T02:40:59","guid":{"rendered":"http:\/\/persoclo.fr\/?p=773"},"modified":"2019-02-25T02:52:33","modified_gmt":"2019-02-25T01:52:33","slug":"produire-du-textile-en-france-et-dans-le-respect-du-climat-cest-rentable-tdv-industries-fabrique-des-vetements-professionnels-depuis-150-ans-il-y-a-15-ans-cette-entreprise-familiale-a-massiveme","status":"publish","type":"post","link":"https:\/\/persoclo.fr\/en\/produire-du-textile-en-france-et-dans-le-respect-du-climat-cest-rentable-tdv-industries-fabrique-des-vetements-professionnels-depuis-150-ans-il-y-a-15-ans-cette-entreprise-familiale-a-massiveme\/","title":{"rendered":"Produire du textile en France et dans le respect du climat, c&#8217;est rentable !"},"content":{"rendered":"<p style=\"text-align: justify;\">TDV Industries fabrique des v\u00eatements professionnels depuis 150 ans. Il y a 15 ans, cette entreprise familiale a massivement investi dans son appareil de production, localis\u00e9 en France, et dans le respect de l&#8217;environnement. Une strat\u00e9gie gagnante puisque, dans un contexte textile sinistr\u00e9 dans l&#8217;Hexagone, l&#8217;entreprise tire son \u00e9pingle du jeu. Entretien avec Corinne Lutin-Delzers, la directrice du marketing et du d\u00e9veloppement international de cette PME de 168 personnes.<\/p>\n<div class=\"clearfix article-corpsDeTexte\" style=\"text-align: justify;\">\n<p><strong>Novethic. Votre entreprise de textile reste l&#8217;une des rares implant\u00e9es en France. Et pourtant elle prend en compte le respect de l&#8217;environnement, et notamment la question climatique, sur l&#8217;ensemble de sa cha\u00eene de production&#8230;<\/strong><\/p>\n<p><!--more--><\/p>\n<p><strong>Corinne Lutin-Delzers.<\/strong>\u00a0Et c&#8217;est rentable! Notre entreprise est familiale, elle existe depuis 150 ans. Le respect des hommes et de l&#8217;environnement a toujours \u00e9t\u00e9 pr\u00e9sent dans les valeurs de TDV Industries. Mais c&#8217;est il y a 15 ans, en pleine crise du textile, que nous avons vraiment pris le virage du d\u00e9veloppement durable. Nous avons commenc\u00e9 \u00e0 r\u00e9investir en France et dans du mat\u00e9riel nous permettant d&#8217;\u00e9conomiser de l&#8217;eau et de l&#8217;\u00e9nergie. Beaucoup nous ont pris pour des fous\u00a0! L&#8217;entreprise compte aujourd&#8217;hui 168 salari\u00e9s et nous n&#8217;avons pas fait de plan de licenciement depuis 35 ans. Dans le secteur du textile, c&#8217;est rare.<\/p>\n<p><strong>Novethic. Comment cela se traduit-il concr\u00e8tement\u00a0?<\/strong><\/p>\n<p><strong>Corinne Lutin-Delzers.<\/strong>\u00a0Notre mod\u00e8le de production est vertueux parce qu&#8217;il est int\u00e9gr\u00e9. Sur un m\u00eame site, nous filons, tissons, teignons et r\u00e9alisons la finition des tissus (ceux-ci peuvent \u00eatre ignifug\u00e9s pour les v\u00eatements de pompiers ou enduits d&#8217;anti-moustiques par exemple). Cela nous permet d&#8217;\u00e9viter les d\u00e9placements, \u00e9metteurs de CO2. Mais les efforts se font tout au long de la cha\u00eene de production. Pour nos mati\u00e8res premi\u00e8res, nous nous fournissons essentiellement en coton du Mali (90%) car celui-ci ne n\u00e9cessite aucune irrigation m\u00e9canique\u00a0: il pousse gr\u00e2ce \u00e0 l&#8217;eau de pluie. Notre impact hydrique est donc nul. Nous avons aussi une partie de coton bio et \u00e9quitable. Nous avons \u00e9galement fortement investi dans nos appareils de production\u00a0: notre nouvelle ligne de pr\u00e9paration de teinture nous a co\u00fbt\u00e9 6 millions d&#8217;euros, soit 15 % de notre chiffre d&#8217;affaires. Cela nous permet de r\u00e9cuperer l&#8217;eau de la teinture (20 % d&#8217;\u00e9conomie, NDLR), de r\u00e9cup\u00e9rer la chaleur d&#8217;une machine pour en chauffer une autre. Nous recyclons 80 % de nos d\u00e9chets et 90 % de notre filature. Nous avons des compteurs d&#8217;\u00e9nergie un peu partout, nous limitons au maximum les d\u00e9placements, etc. Ces efforts, nous les faisons dans toutes nos activit\u00e9s.<\/p>\n<h4>En Allemagne, les clients ne sont pas pr\u00eats \u00e0 payer pour l&#8217;\u00e9cologie<\/h4>\n<p><strong>Novethic. Cette politique r\u00e9clame de gros investissements. Est-ce que vous parvenez \u00e0 la valoriser aupr\u00e8s de vos clients?<\/strong><\/p>\n<p><strong>Corinne Lutin-Delzers.<\/strong>\u00a0Cela fait partie de notre argumentaire de vente. C&#8217;est notamment possible parce que nous pouvons mesurer l&#8217;impact de nos efforts gr\u00e2ce \u00e0 notre calculateur environnemental. Il mesure l&#8217;empreinte carbone des produits mais aussi leur empreinte en eau et en \u00e9nergie. Il permet aussi de comparer cette empreinte entre produits classiques et produits responsables. Toutes ces donn\u00e9es sont mises en forme de fa\u00e7on tr\u00e8s claire et nos clients peuvent les int\u00e9grer dans leurs rapports d\u00e9veloppement durable par exemple.\u00a0Cependant, notre gamme de produits \u00e9quitables ne repr\u00e9sente aujourd&#8217;hui que 10 % de notre chiffre d&#8217;affaires. C&#8217;est bien mais nous pouvons encore faire mieux. Beaucoup de nos clients pr\u00e9f\u00e8rent le crit\u00e8re du prix \u00e0 celui de la qualit\u00e9. Et cette gamme est de 7 \u00e0 15% plus ch\u00e8re qu&#8217;une gamme classique. Si chaque op\u00e9rateur veut ensuite prendre sa marge, cela rench\u00e9rit beaucoup le co\u00fbt du v\u00eatement.<\/p>\n<p><strong>Novethic. Vous travaillez aussi \u00e0 l&#8217;international, notamment en Europe du Nord, des pays o\u00f9 l&#8217;\u00e9cologie est r\u00e9put\u00e9e plus pr\u00e9sente. Vos clients sont-ils plus sensibles \u00e0 vos modes de production\u00a0?<\/strong><\/p>\n<p><strong>Corinne Lutin<\/strong><strong>-Delzers<\/strong><strong>.<\/strong>\u00a0Pas vraiment. Il y a un grand \u00e9cart mais en faveur de la France. En Allemagne par exemple, l&#8217;\u00e9cologie reste une jolie histoire mais pour laquelle les clients ne sont pas forc\u00e9ment pr\u00eats \u00e0 payer. En France, certains acheteurs, via notamment la commande publique, ont commenc\u00e9 il y a 10 ans \u00e0 int\u00e9grer les pr\u00e9occupations \u00e9thiques et environnementales. En Suisse par exemple, cela d\u00e9bute maintenant.<\/p>\n<p><strong>Novethic. Quelles sont les difficult\u00e9s auxquelles vous \u00eates confront\u00e9s?<\/strong><\/p>\n<p><strong>Corinne Lutin-Delzers.<\/strong> Notre charte achat pr\u00e9cise qu&#8217;il faut se fournir au plus pr\u00e8s. Ce n&#8217;est pas toujours \u00e9vident car on ne trouve quasiment plus de fibres synth\u00e9tiques en France. Nous essayons aussi de trouver une alternative au coton, en d\u00e9veloppant une fili\u00e8re fran\u00e7aise du chanvre. Celui ci n&#8217;a besoin ni d&#8217;eau ni de pesticides et peut parfaitement pousser dans l&#8217;Hexagone, dans l&#8217;Aube et le Nord-Ouest. Mais la fibre n&#8217;est pas encore exploitable en tant que telle -en France, sa froissabilit\u00e9 peut \u00eatre un frein pour des v\u00eatements professionnels, notamment ceux port\u00e9s dans les espaces de vente par exemple.<\/p>\n<\/div>\n<footer class=\"article-footer\">Propos recueillis par B\u00e9atrice H\u00e9raud<br \/>\n\u00a9\u00a02015\u00a0Novethic &#8211; Tous droits r\u00e9serv\u00e9s<\/footer>\n","protected":false},"excerpt":{"rendered":"<p>TDV Industries fabrique des v\u00eatements professionnels depuis 150 ans. Il y a 15 ans, cette entreprise familiale a massivement investi dans son appareil de production, localis\u00e9 en France, et dans [&hellip;]<\/p>\n","protected":false},"author":91,"featured_media":774,"comment_status":"open","ping_status":"open","sticky":false,"template":"","format":"standard","meta":{"footnotes":""},"categories":[20],"tags":[107,492],"class_list":["post-773","post","type-post","status-publish","format-standard","has-post-thumbnail","hentry","category-persomag","tag-tdv","tag-vetements-professionnels"],"translation":{"provider":"WPGlobus","version":"3.0.2","language":"en","enabled_languages":["fr","en"],"languages":{"fr":{"title":true,"content":true,"excerpt":false},"en":{"title":false,"content":false,"excerpt":false}}},"aioseo_notices":[],"_links":{"self":[{"href":"https:\/\/persoclo.fr\/en\/wp-json\/wp\/v2\/posts\/773","targetHints":{"allow":["GET"]}}],"collection":[{"href":"https:\/\/persoclo.fr\/en\/wp-json\/wp\/v2\/posts"}],"about":[{"href":"https:\/\/persoclo.fr\/en\/wp-json\/wp\/v2\/types\/post"}],"author":[{"embeddable":true,"href":"https:\/\/persoclo.fr\/en\/wp-json\/wp\/v2\/users\/91"}],"replies":[{"embeddable":true,"href":"https:\/\/persoclo.fr\/en\/wp-json\/wp\/v2\/comments?post=773"}],"version-history":[{"count":6,"href":"https:\/\/persoclo.fr\/en\/wp-json\/wp\/v2\/posts\/773\/revisions"}],"predecessor-version":[{"id":5941,"href":"https:\/\/persoclo.fr\/en\/wp-json\/wp\/v2\/posts\/773\/revisions\/5941"}],"wp:featuredmedia":[{"embeddable":true,"href":"https:\/\/persoclo.fr\/en\/wp-json\/wp\/v2\/media\/774"}],"wp:attachment":[{"href":"https:\/\/persoclo.fr\/en\/wp-json\/wp\/v2\/media?parent=773"}],"wp:term":[{"taxonomy":"category","embeddable":true,"href":"https:\/\/persoclo.fr\/en\/wp-json\/wp\/v2\/categories?post=773"},{"taxonomy":"post_tag","embeddable":true,"href":"https:\/\/persoclo.fr\/en\/wp-json\/wp\/v2\/tags?post=773"}],"curies":[{"name":"wp","href":"https:\/\/api.w.org\/{rel}","templated":true}]}}