{"id":677,"date":"2015-11-12T08:38:28","date_gmt":"2015-11-12T07:38:28","guid":{"rendered":"http:\/\/persoclo.fr\/?p=677"},"modified":"2015-11-12T09:13:11","modified_gmt":"2015-11-12T08:13:11","slug":"vosges-la-renaissance-du-textile-a-la-francaise","status":"publish","type":"post","link":"https:\/\/persoclo.fr\/en\/vosges-la-renaissance-du-textile-a-la-francaise\/","title":{"rendered":"Vosges : la renaissance du textile \u00e0 la fran\u00e7aise"},"content":{"rendered":"<h2 style=\"text-align: justify;\">France 2 s&#8217;est rendue dans les Vosges, o\u00f9 l&#8217;industrie du textile fait un retour en force.<\/h2>\n<p><a href=\"iframewidth=544height=306src=\/\/embedftv-a.akamaihd.net\/?ue=8ffcf0cc7b55a9390c0062d0d165987dframeborder=0scrolling=no\/iframebr\/ahref=http:\/\/www.francetvinfo.fr\/economie\/entreprises\/vosges-la-renaissance-du-textile-a-la-francaise_1168653.htmltarget=_blankVosges:larenaissancedutextile\u00e0laFran\u00e7aise\/a\"><iframe loading=\"lazy\" src=\"\/\/embedftv-a.akamaihd.net\/?ue=8ffcf0cc7b55a9390c0062d0d165987d\" width=\"544\" height=\"306\" frameborder=\"0\" scrolling=\"no\"><\/iframe><br \/>\n<\/a><\/p>\n<p style=\"text-align: justify;\">Le textile, c&#8217;\u00e9tait pr\u00e8s de 30\u00a0000\u00a0emplois dans les Vosges. C&#8217;\u00e9tait il y a trente ans. La crise est pass\u00e9e par l\u00e0 et les usines ont ferm\u00e9, les unes apr\u00e8s les autres. Au pire de la crise, seules 2\u00a0000\u00a0personnes travaillent encore dans ce secteur. Pourtant, aujourd&#8217;hui, on assiste \u00e0 une v\u00e9ritable embellie. A l&#8217;image de l&#8217;entreprise Garnier-Thiebaut, qui conna\u00eet une v\u00e9ritable<em> success story<\/em>.<\/p>\n<h2 class=\"subheader\" style=\"text-align: justify;\">Un label &#8220;made in Vosges&#8221;<\/h2>\n<p style=\"text-align: justify;\">M\u00e9canisation, innovation, haut de gamme&#8230; c&#8217;est ainsi que l&#8217;entreprise reste comp\u00e9titive et que le chiffre d&#8217;affaires cro\u00eet ann\u00e9e apr\u00e8s ann\u00e9e. <em>&#8220;On exporte aux Etats-Unis, on exporte en Russie, on exporte en Asie, en Chine.\u00a0\u00c7a repr\u00e9sente 40% du chiffre d&#8217;affaires environ&#8221;<\/em>, t\u00e9moigne Isabelle Parmentier, responsable marketing de Garnier-Thiebaut. Et pour lutter contre la concurrence internationale, un label a vu le jour &#8220;Vosges, terre textile&#8221;. Puisque l&#8217;union fait la force, les entreprises vosgiennes r\u00e9unies sous ce label ont d\u00e9sormais pris le parti de travailler ensemble.<\/p>\n","protected":false},"excerpt":{"rendered":"<p>France 2 s&#8217;est rendue dans les Vosges, o\u00f9 l&#8217;industrie du textile fait un retour en force. Le textile, c&#8217;\u00e9tait pr\u00e8s de 30\u00a0000\u00a0emplois dans les Vosges. C&#8217;\u00e9tait il y a trente [&hellip;]<\/p>\n","protected":false},"author":91,"featured_media":683,"comment_status":"open","ping_status":"open","sticky":false,"template":"","format":"standard","meta":{"footnotes":""},"categories":[20],"tags":[100],"class_list":["post-677","post","type-post","status-publish","format-standard","has-post-thumbnail","hentry","category-persomag","tag-voges"],"translation":{"provider":"WPGlobus","version":"3.0.2","language":"en","enabled_languages":["fr","en"],"languages":{"fr":{"title":true,"content":true,"excerpt":false},"en":{"title":false,"content":false,"excerpt":false}}},"aioseo_notices":[],"_links":{"self":[{"href":"https:\/\/persoclo.fr\/en\/wp-json\/wp\/v2\/posts\/677","targetHints":{"allow":["GET"]}}],"collection":[{"href":"https:\/\/persoclo.fr\/en\/wp-json\/wp\/v2\/posts"}],"about":[{"href":"https:\/\/persoclo.fr\/en\/wp-json\/wp\/v2\/types\/post"}],"author":[{"embeddable":true,"href":"https:\/\/persoclo.fr\/en\/wp-json\/wp\/v2\/users\/91"}],"replies":[{"embeddable":true,"href":"https:\/\/persoclo.fr\/en\/wp-json\/wp\/v2\/comments?post=677"}],"version-history":[{"count":4,"href":"https:\/\/persoclo.fr\/en\/wp-json\/wp\/v2\/posts\/677\/revisions"}],"predecessor-version":[{"id":682,"href":"https:\/\/persoclo.fr\/en\/wp-json\/wp\/v2\/posts\/677\/revisions\/682"}],"wp:featuredmedia":[{"embeddable":true,"href":"https:\/\/persoclo.fr\/en\/wp-json\/wp\/v2\/media\/683"}],"wp:attachment":[{"href":"https:\/\/persoclo.fr\/en\/wp-json\/wp\/v2\/media?parent=677"}],"wp:term":[{"taxonomy":"category","embeddable":true,"href":"https:\/\/persoclo.fr\/en\/wp-json\/wp\/v2\/categories?post=677"},{"taxonomy":"post_tag","embeddable":true,"href":"https:\/\/persoclo.fr\/en\/wp-json\/wp\/v2\/tags?post=677"}],"curies":[{"name":"wp","href":"https:\/\/api.w.org\/{rel}","templated":true}]}}