{"id":618,"date":"2015-11-10T05:50:41","date_gmt":"2015-11-10T04:50:41","guid":{"rendered":"http:\/\/persoclo.fr\/?p=618"},"modified":"2015-11-10T22:12:03","modified_gmt":"2015-11-10T21:12:03","slug":"tidli-creatrice-textile-va-sillonner-le-finistere-en-camion","status":"publish","type":"post","link":"https:\/\/persoclo.fr\/en\/tidli-creatrice-textile-va-sillonner-le-finistere-en-camion\/","title":{"rendered":"Tidli, cr\u00e9atrice textile, va sillonner le Finist\u00e8re en camion"},"content":{"rendered":"<h4 class=\"description\" style=\"text-align: justify;\">Tidli est une retoucheuse et cr\u00e9atrice de textile quimp\u00e9roise. En 2016, elle sillonnera les march\u00e9s du Sud-Finist\u00e8re avec son fourgon. Hier, trois graffeurs l\u2019ont d\u00e9cor\u00e9.<\/h4>\n<div class=\"inside\">\n<div id=\"pub-position-1\" class=\"pub\" style=\"text-align: justify;\">Tidli, alias Chlo\u00e9 Colucci, est une retoucheuse et cr\u00e9atrice de textile quimp\u00e9roise. En 2016, elle va sillonner les march\u00e9s du Sud-Finist\u00e8re avec son fourgon.<\/div>\n<h3 style=\"text-align: justify;\">Son camion d\u00e9cor\u00e9 par trois graffeurs<\/h3>\n<p style=\"text-align: justify;\">Hier apr\u00e8s-midi, trois <strong>graffeurs<\/strong>, dont certains issus de l\u2019association quimp\u00e9roise <strong>Trust in my art<\/strong>,<strong>\u00ab\u00a0des amis\u00a0\u00bb<\/strong>, ont graff\u00e9 son <strong>fourgon<\/strong> sur un parking de Creach Gwen, en bordure du plan d\u2019eau. Un camion ?<\/p>\n<h3 style=\"text-align: justify;\"><strong>\u00ab\u00a0Aller dans les zones recul\u00e9es\u00a0\u00bb<\/strong><\/h3>\n<p style=\"text-align: justify;\">L&#8217;objectif de la cr\u00e9atrice : <strong>\u00ab\u00a0Aller dans des zones recul\u00e9es o\u00f9 les gens ne peuvent pas forc\u00e9ment se d\u00e9placer.\u00a0\u00bb<\/strong> Celle qui se d\u00e9finit comme <strong>\u00ab\u00a0un \u00e9lectron libre, anticonformiste\u00a0\u00bb<\/strong>, croit beaucoup au pouvoir de la couture. <strong>\u00ab\u00a0Comme je suis assez pessimiste, je me dis que m\u00eame en cas de situation extr\u00eame, on aura tous besoin de porter des v\u00eatements sur nous\u00a0\u00bb<\/strong>sourit cette fantaisiste.<\/p>\n<h3 style=\"text-align: justify;\">Contacts<\/h3>\n<p style=\"text-align: justify;\"><strong>Tidli :<\/strong> tidli@hotmail.fr \/ <strong>Trust in my art :<\/strong> www.trustinmyart.com<\/p>\n<\/div>\n","protected":false},"excerpt":{"rendered":"<p>Tidli est une retoucheuse et cr\u00e9atrice de textile quimp\u00e9roise. En 2016, elle sillonnera les march\u00e9s du Sud-Finist\u00e8re avec son fourgon. Hier, trois graffeurs l\u2019ont d\u00e9cor\u00e9. Tidli, alias Chlo\u00e9 Colucci, est [&hellip;]<\/p>\n","protected":false},"author":91,"featured_media":619,"comment_status":"open","ping_status":"open","sticky":false,"template":"","format":"standard","meta":{"footnotes":""},"categories":[20],"tags":[93],"class_list":["post-618","post","type-post","status-publish","format-standard","has-post-thumbnail","hentry","category-persomag","tag-tidli"],"translation":{"provider":"WPGlobus","version":"3.0.2","language":"en","enabled_languages":["fr","en"],"languages":{"fr":{"title":true,"content":true,"excerpt":false},"en":{"title":false,"content":false,"excerpt":false}}},"aioseo_notices":[],"_links":{"self":[{"href":"https:\/\/persoclo.fr\/en\/wp-json\/wp\/v2\/posts\/618","targetHints":{"allow":["GET"]}}],"collection":[{"href":"https:\/\/persoclo.fr\/en\/wp-json\/wp\/v2\/posts"}],"about":[{"href":"https:\/\/persoclo.fr\/en\/wp-json\/wp\/v2\/types\/post"}],"author":[{"embeddable":true,"href":"https:\/\/persoclo.fr\/en\/wp-json\/wp\/v2\/users\/91"}],"replies":[{"embeddable":true,"href":"https:\/\/persoclo.fr\/en\/wp-json\/wp\/v2\/comments?post=618"}],"version-history":[{"count":2,"href":"https:\/\/persoclo.fr\/en\/wp-json\/wp\/v2\/posts\/618\/revisions"}],"predecessor-version":[{"id":624,"href":"https:\/\/persoclo.fr\/en\/wp-json\/wp\/v2\/posts\/618\/revisions\/624"}],"wp:featuredmedia":[{"embeddable":true,"href":"https:\/\/persoclo.fr\/en\/wp-json\/wp\/v2\/media\/619"}],"wp:attachment":[{"href":"https:\/\/persoclo.fr\/en\/wp-json\/wp\/v2\/media?parent=618"}],"wp:term":[{"taxonomy":"category","embeddable":true,"href":"https:\/\/persoclo.fr\/en\/wp-json\/wp\/v2\/categories?post=618"},{"taxonomy":"post_tag","embeddable":true,"href":"https:\/\/persoclo.fr\/en\/wp-json\/wp\/v2\/tags?post=618"}],"curies":[{"name":"wp","href":"https:\/\/api.w.org\/{rel}","templated":true}]}}