{"id":3407,"date":"2016-11-23T18:30:40","date_gmt":"2016-11-23T17:30:40","guid":{"rendered":"http:\/\/persoclo.fr\/?p=3407"},"modified":"2021-01-01T17:38:28","modified_gmt":"2021-01-01T16:38:28","slug":"et-si-on-louait-nos-vetements","status":"publish","type":"post","link":"https:\/\/persoclo.fr\/en\/et-si-on-louait-nos-vetements\/","title":{"rendered":"Et si on louait nos v\u00eatements ?"},"content":{"rendered":"<p style=\"text-align: justify;\">C\u00e9cile et Amandine, les cr\u00e9atrices d\u2019Hylla \u00a9Hylla Penderie Partag\u00e9e <span style=\"color: #ffffff;\">ACTUZ ASMO123<\/span><\/p>\n<p style=\"text-align: justify;\">C\u00e9line Zimmermann et Amandine Valcares sont deux jeunes entrepreneures de la mode. Apr\u00e8s un stage en Allemagne, elles reviennent avec une id\u00e9e\u00a0: monter une penderie partag\u00e9e dans la capitale.<!--more--><\/p>\n<p class=\"premier_paragraphe_article\" align=\"center\">L\u2019id\u00e9e leur est venue il y a un an en Allemagne, en plein \u00e9t\u00e9. Elles sont toutes les deux en stage dans la m\u00eame entreprise. Au cours de leurs p\u00e9r\u00e9grinations urbaines, elles d\u00e9couvrent un concept, le \u00ab\u00a0<em>kleiderei\u00a0<\/em>\u00bb, une sorte de <strong>biblioth\u00e8que du v\u00eatement<\/strong>. On s\u2019y abonne mensuellement pour pouvoir <strong>louer des habits<\/strong> et en changer r\u00e9guli\u00e8rement sans fr\u00e9quenter les magasins et remplir son dressing de \u00ab<em>\u00a0coups de coeur\u00a0<\/em>\u00bb spontan\u00e9s que l\u2019on ne remettra peut-\u00eatre jamais.<\/p>\n<h2 align=\"center\"><strong>Une penderie partag\u00e9e \u00e0 Paris<\/strong><\/h2>\n<p style=\"text-align: justify;\">Les deux \u00e9tudiantes rentrent en France avec l\u2019envie d\u2019importer ce concept mode \u00e9cologique. Elles se lancent avec en t\u00eate l\u2019objectif de fonder leur propre <strong>penderie partag\u00e9e<\/strong> \u00e0 Paris. \u00c0 la rentr\u00e9e 2015, elles deviennent \u00e9tudiantes-entrepreneures gr\u00e2ce au programme <em>P\u00e9pite de l\u2019Universit\u00e9 de Nanterre<\/em> et donnent un nom \u00e0 leur projet, Hylla. Elles suivent des cours en ligne et travaillent \u00e0 plein temps au <strong>lancement de leur entreprise.<\/strong><\/p>\n<p style=\"text-align: justify;\">Hylla\u00a0: la location de v\u00eatements au mois<\/p>\n<p style=\"text-align: justify;\">Elles chinent dans les friperie<a title=\"friperies\" href=\"http:\/\/www.consoglobe.com\/friperies-effet-de-mode-cg\">s<\/a> et magasins d\u2019occasions pour se cr\u00e9er une premi\u00e8re <strong>garde-robe<\/strong> \u00e0 tester dans des \u00e9v\u00e9nements \u00e0 Paris. Le retour des clientes est positif et c\u2019est le d\u00e9but de leur rendez-vous mensuel \u00e0 <i>La Recyclerie<\/i>, haut lieu des initiatives \u00e9cologiques dans la capitale.<\/p>\n<p style=\"text-align: justify;\">On peut y louer \u00e0 l\u2019unit\u00e9 une pi\u00e8ce et ce pour un mois. C\u00e9line et Amandine s\u00e9lectionnent elles-m\u00eames des<strong> tenues originales et color\u00e9es<\/strong> \u00e0 l\u2019instar de leur philosophie de vie. Depuis mars, ce sont 70 clientes qui ont essay\u00e9 le concept.<\/p>\n<h3 style=\"text-align: justify;\">La penderie partag\u00e9e, une mani\u00e8re de consommer autrement<\/h3>\n<p style=\"text-align: justify;\">Pour Amandine, la <strong>penderie partag\u00e9e<\/strong> promeut une mani\u00e8re de \u00ab<em>\u00a0consommer autrement<\/em>\u00a0\u00bb. Ancienne \u00ab\u00a0<em>shopping addict<\/em>\u00a0\u00bb, elle ne se rendait pas compte auparavant de l\u2019impact \u00e9cologique de ses achats parfois compulsifs. Petit \u00e0 petit, elle s\u2019est mis \u00e0 fr\u00e9quenter les <strong>friperies<\/strong> et \u00e0 s\u2019ouvrir \u00e0 un mode de consommation plus respectueux de l\u2019environnement\u00a0: \u00ab<em>\u00a0une prise de conscience<\/em>\u00a0\u00bb.<\/p>\n<p style=\"text-align: justify;\">Sa rencontre avec C\u00e9line, plus sensibilis\u00e9e \u00e0 ces questions a achev\u00e9 de la convaincre de l\u2019importance de<strong> modifier notre rapport \u00e0 la mode<\/strong>\u00a0en France \u00e0 l\u2019instar des pays nordiques d\u2019o\u00f9 vient le concept de penderie partag\u00e9e. Le concept d\u2019Hylla se situe dans la veine de l\u2019\u00e9conomie du partage, o\u00f9 l\u2019on loue des services plut\u00f4t que d\u2019acheter des biens.<\/p>\n<h3 style=\"text-align: justify;\">Des habits\u00a0de seconde main et des cr\u00e9ations \u00e9cologiques<\/h3>\n<p style=\"text-align: justify;\">L\u2019<strong>industrie de la mode<\/strong> est la deuxi\u00e8me industrie la plus polluante. De plus en plus d\u2019initiatives se cr\u00e9ent mais la France reste encore bien en retard sur la <strong>consommation responsable<\/strong>. Hylla a aussi pour but de mettre en avant des petits cr\u00e9ateurs de mode \u00e9cologique. Une mani\u00e8re id\u00e9ale pour eux de tester leurs cr\u00e9ations gr\u00e2ce \u00e0 la location.<\/p>\n<p><img decoding=\"async\" class=\"aligncenter\" src=\"http:\/\/www.consostatic.com\/wp-content\/uploads\/2016\/11\/location-vetements-recyclerie.jpg\" alt=\"recyclerie location habits\" \/><\/p>\n<p style=\"text-align: center;\">La penderie partag\u00e9e s\u2019installe tous les mois \u00e0 la Recyclerie \u00a9Ann\u2019so M<\/p>\n<p style=\"text-align: justify;\">Une campagne de <a title=\"crowdfunding\" href=\"http:\/\/www.encyclo-ecolo.com\/Crowdfunding\">crowdfunding<\/a> lanc\u00e9e sur Ulule leur a permis de r\u00e9colter les 8.000 euros n\u00e9cessaires au lancement. Amandine et C\u00e9cile pr\u00e9parent le d\u00e9veloppement de leur <strong>plate-forme de location web<\/strong> qui ouvrira dans quinze jours. On pourra s\u00e9lectionner des pi\u00e8ces sur catalogue puis se les faire livrer.<\/p>\n<p style=\"text-align: justify;\">Pour l\u2019instant, les deux entrepreneures ont s\u00e9lectionn\u00e9 400 pi\u00e8ces \u00ab<em>\u00a0pour pouvoir cr\u00e9er son propre style et avoir plus de choix<\/em>\u00a0\u00bb. Seul b\u00e9mol\u00a0: \u00ab<em>\u00a0difficile de trouver toutes les tailles comme on chine<\/em>\u00a0\u00bb. Mais Hylla a pour but d\u2019\u00eatre ouverte \u00e0 toutes les femmes et <strong>toutes les morphologies<\/strong>. Et les hommes\u00a0? \u00ab\u00a0<em>Il y a une demande aussi, alors pourquoi pas\u00a0?<\/em>\u00a0\u00bb.<\/p>\n<p style=\"text-align: left;\">R\u00e9dig\u00e9 par Iris Ouedraogo<\/p>\n<p style=\"text-align: left;\">Le 22 nov 2016<\/p>\n<p style=\"text-align: left;\"><a href=\"http:\/\/www.consoglobe.com\/hylla-location-vetements-cg\">Lien<\/a><\/p>\n","protected":false},"excerpt":{"rendered":"<p>une sorte de biblioth\u00e8que du v\u00eatement. On s\u2019y abonne mensuellement pour pouvoir louer des habits et en changer r\u00e9guli\u00e8rement sans fr\u00e9quenter les magasins et remplir son dressing de \u00ab\u00a0coups de coeur\u00a0\u00bb spontan\u00e9s<\/p>\n","protected":false},"author":91,"featured_media":3408,"comment_status":"open","ping_status":"open","sticky":false,"template":"","format":"standard","meta":{"footnotes":""},"categories":[468,470,20],"tags":[511,510,508,509],"class_list":["post-3407","post","type-post","status-publish","format-standard","has-post-thumbnail","hentry","category-astuces","category-astuces-mode","category-persomag","tag-location","tag-partage","tag-penderie","tag-penderie-partagee"],"translation":{"provider":"WPGlobus","version":"3.0.2","language":"en","enabled_languages":["fr","en"],"languages":{"fr":{"title":true,"content":true,"excerpt":true},"en":{"title":false,"content":false,"excerpt":false}}},"aioseo_notices":[],"_links":{"self":[{"href":"https:\/\/persoclo.fr\/en\/wp-json\/wp\/v2\/posts\/3407","targetHints":{"allow":["GET"]}}],"collection":[{"href":"https:\/\/persoclo.fr\/en\/wp-json\/wp\/v2\/posts"}],"about":[{"href":"https:\/\/persoclo.fr\/en\/wp-json\/wp\/v2\/types\/post"}],"author":[{"embeddable":true,"href":"https:\/\/persoclo.fr\/en\/wp-json\/wp\/v2\/users\/91"}],"replies":[{"embeddable":true,"href":"https:\/\/persoclo.fr\/en\/wp-json\/wp\/v2\/comments?post=3407"}],"version-history":[{"count":5,"href":"https:\/\/persoclo.fr\/en\/wp-json\/wp\/v2\/posts\/3407\/revisions"}],"predecessor-version":[{"id":23873,"href":"https:\/\/persoclo.fr\/en\/wp-json\/wp\/v2\/posts\/3407\/revisions\/23873"}],"wp:featuredmedia":[{"embeddable":true,"href":"https:\/\/persoclo.fr\/en\/wp-json\/wp\/v2\/media\/3408"}],"wp:attachment":[{"href":"https:\/\/persoclo.fr\/en\/wp-json\/wp\/v2\/media?parent=3407"}],"wp:term":[{"taxonomy":"category","embeddable":true,"href":"https:\/\/persoclo.fr\/en\/wp-json\/wp\/v2\/categories?post=3407"},{"taxonomy":"post_tag","embeddable":true,"href":"https:\/\/persoclo.fr\/en\/wp-json\/wp\/v2\/tags?post=3407"}],"curies":[{"name":"wp","href":"https:\/\/api.w.org\/{rel}","templated":true}]}}