{"id":3053,"date":"2016-10-22T07:10:01","date_gmt":"2016-10-22T06:10:01","guid":{"rendered":"http:\/\/persoclo.fr\/?p=3053"},"modified":"2016-10-22T07:10:01","modified_gmt":"2016-10-22T06:10:01","slug":"lancement-du-label-aoc-france-terre-textile","status":"publish","type":"post","link":"https:\/\/persoclo.fr\/en\/lancement-du-label-aoc-france-terre-textile\/","title":{"rendered":"Lancement du label AOC &#8220;France Terre Textile&#8221;"},"content":{"rendered":"<p style=\"text-align: justify\">Soixante entreprises fran\u00e7aises du textile ont lanc\u00e9 jeudi un label national d&#8217;origine contr\u00f4l\u00e9e, &#8220;France Terre Textile&#8221;, cens\u00e9 selon eux mieux valoriser la fili\u00e8re amont du secteur que le &#8220;Made in France&#8221; et aider ses membres \u00e0 collaborer ensemble.<\/p>\n<p>Ce premier label transversal de fili\u00e8re sera particuli\u00e8rement exigeant, en garantissant que plus de 75% des op\u00e9rations de production soient r\u00e9alis\u00e9es en France, selon des crit\u00e8res sociaux, environnementaux et qualitatifs, selon un communiqu\u00e9.<br \/>\nIl s&#8217;agit d&#8217;une transposition nationale de quatre labels d\u00e9partementaux ou r\u00e9gionaux &#8220;Terre textile&#8221;, dont le premier a \u00e9t\u00e9 cr\u00e9\u00e9 dans les Vosges en 2011, puis d\u00e9clin\u00e9 en Alsace, dans le Nord et dans la r\u00e9gion Auvergne-Rh\u00f4ne-Alpes.<\/p>\n<p>&#8220;C&#8217;est un label essentiellement \u00e9labor\u00e9 pour valoriser le travail en amont de la fili\u00e8re textile&#8221;, qui repr\u00e9sente 75% des emplois du secteur en France, a d\u00e9clar\u00e9 \u00e0 l&#8217;AFP Paul de Montclos, pr\u00e9sident de la f\u00e9d\u00e9ration France Terre Textile et PDG de l&#8217;entreprise vosgienne de linge de maison haut de gamme Garnier-Thiebaut.<br \/>\n&#8220;Ce n&#8217;est pas un label de boy-scout&#8221;, a-t-il insist\u00e9. Des contr\u00f4les de la production dans les entreprises membres seront notamment r\u00e9alis\u00e9s tous les ans par des organismes ind\u00e9pendants.<\/p>\n<p>L&#8217;\u00e9tiquetage &#8220;Made in France&#8221; est un &#8220;outil imparfait&#8221; pour la fili\u00e8re textile selon ces entreprises car il ne valorise que la partie aval, la confection: les tissus et leurs traitements (teinture ou impression) d&#8217;un v\u00eatement confectionn\u00e9 en France peuvent avoir \u00e9t\u00e9 r\u00e9alis\u00e9s dans le monde entier.\u00a0Le label France Terre Textile, qui sera appos\u00e9 sur les produits finis et semi-finis, permettra \u00e0 l&#8217;inverse de &#8220;garantir une tra\u00e7abilit\u00e9 totale aux consommateurs et aux donneurs d&#8217;ordre&#8221;, facilitera la collaboration entre ses membres et sera aussi un outil de promotion au niveau national et \u00e0 l&#8217;international, selon M. de Montclos.<\/p>\n<p>Les 60 membres agr\u00e9\u00e9s du label repr\u00e9sentent 5.000 emplois et un chiffre d&#8217;affaires de 600 millions d&#8217;euros, dont 47% \u00e0 l&#8217;export.<\/p>\n<p style=\"text-align: justify\">Au total, la fili\u00e8re textile en France regroupe 550 entreprises, 57.000 emplois, pour un chiffre d&#8217;affaires de 13 milliards d&#8217;euros dont 65% \u00e0 l&#8217;export.<\/p>\n<p style=\"text-align: justify\">\n<ul>\n<li class=\"fig-auteur\">Par lefigaro.fr avec AFP<\/li>\n<li class=\"fig-date-pub\">Publi\u00e9  le 13\/10\/2016<\/li>\n<\/ul>\n<p><a href=\"http:\/\/www.lefigaro.fr\/flash-eco\/2016\/10\/13\/97002-20161013FILWWW00201-lancement-du-label-aoc-france-terre-textile.php#\">Lien<\/a><\/p>\n<p>&nbsp;<\/p>\n","protected":false},"excerpt":{"rendered":"<p>Soixante entreprises fran\u00e7aises du textile ont lanc\u00e9 jeudi un label national d&#8217;origine contr\u00f4l\u00e9e, &#8220;France Terre Textile&#8221;, cens\u00e9 selon eux mieux valoriser la fili\u00e8re amont du secteur que le &#8220;Made in [&hellip;]<\/p>\n","protected":false},"author":91,"featured_media":3054,"comment_status":"open","ping_status":"open","sticky":false,"template":"","format":"standard","meta":{"footnotes":""},"categories":[20],"tags":[482,203],"class_list":["post-3053","post","type-post","status-publish","format-standard","has-post-thumbnail","hentry","category-persomag","tag-aoc","tag-made-in-france"],"translation":{"provider":"WPGlobus","version":"3.0.2","language":"en","enabled_languages":["fr","en"],"languages":{"fr":{"title":true,"content":true,"excerpt":false},"en":{"title":false,"content":false,"excerpt":false}}},"aioseo_notices":[],"_links":{"self":[{"href":"https:\/\/persoclo.fr\/en\/wp-json\/wp\/v2\/posts\/3053","targetHints":{"allow":["GET"]}}],"collection":[{"href":"https:\/\/persoclo.fr\/en\/wp-json\/wp\/v2\/posts"}],"about":[{"href":"https:\/\/persoclo.fr\/en\/wp-json\/wp\/v2\/types\/post"}],"author":[{"embeddable":true,"href":"https:\/\/persoclo.fr\/en\/wp-json\/wp\/v2\/users\/91"}],"replies":[{"embeddable":true,"href":"https:\/\/persoclo.fr\/en\/wp-json\/wp\/v2\/comments?post=3053"}],"version-history":[{"count":1,"href":"https:\/\/persoclo.fr\/en\/wp-json\/wp\/v2\/posts\/3053\/revisions"}],"predecessor-version":[{"id":3055,"href":"https:\/\/persoclo.fr\/en\/wp-json\/wp\/v2\/posts\/3053\/revisions\/3055"}],"wp:featuredmedia":[{"embeddable":true,"href":"https:\/\/persoclo.fr\/en\/wp-json\/wp\/v2\/media\/3054"}],"wp:attachment":[{"href":"https:\/\/persoclo.fr\/en\/wp-json\/wp\/v2\/media?parent=3053"}],"wp:term":[{"taxonomy":"category","embeddable":true,"href":"https:\/\/persoclo.fr\/en\/wp-json\/wp\/v2\/categories?post=3053"},{"taxonomy":"post_tag","embeddable":true,"href":"https:\/\/persoclo.fr\/en\/wp-json\/wp\/v2\/tags?post=3053"}],"curies":[{"name":"wp","href":"https:\/\/api.w.org\/{rel}","templated":true}]}}