{"id":3048,"date":"2016-10-22T06:56:51","date_gmt":"2016-10-22T05:56:51","guid":{"rendered":"http:\/\/persoclo.fr\/?p=3048"},"modified":"2016-10-22T07:03:07","modified_gmt":"2016-10-22T06:03:07","slug":"aouro-lance-sa-marque-de-vetements-sans-couture","status":"publish","type":"post","link":"https:\/\/persoclo.fr\/en\/aouro-lance-sa-marque-de-vetements-sans-couture\/","title":{"rendered":"Aouro lance sa marque de v\u00eatements sans couture"},"content":{"rendered":"<section class=\"chapo\">La premi\u00e8re ligne de v\u00eatements sans couture cr\u00e9\u00e9e par la soci\u00e9t\u00e9 is\u00e9roise Top Tex Cube, co fond\u00e9e par l&#8217;ex-patron de Lafuma, se lance en proposant des \u00e9ditions limit\u00e9es.<\/section>\n<section class=\"contenu-article clearfix\">\n<div class=\"body-article\">\n<p style=\"text-align: justify\">Depuis mardi, les premiers v\u00eatements sans coutre sont disponibles en \u00e9dition limit\u00e9es sur <a href=\"https:\/\/www.kickstarter.com\/projects\/1830056044\/innovative-and-technical-lifestyle-jackets-made-in?ref=discovery\" target=\"_blank\">la plateforme de financement participatif Kickstarter<\/a>. L&#8217;objectif est de r\u00e9colter 30 000 euros de pr\u00e9commandes afin de\u00a0pour lancer la fabrication. Mercredi, 87 contributeurs avaient d\u00e9pens\u00e9s la somme de\u00a016 375 euros. Le concept se veut original :<\/p>\n<blockquote><p><em>&#8220;Ce projet symbolise le passage de l&#8217;industrie textile dans une nouvelle \u00e8re puisque ces 3 mod\u00e8les ont &#8220;z\u00e9ro&#8221; couture, ou plus exactement ont \u00e9t\u00e9 confectionn\u00e9s sans avoir recours \u00e0 des machines \u00e0 coudre traditionnelles. Mais, ils l&#8217;ont \u00e9t\u00e9 par des nouvelles machines et de nouveaux processus. Ces mod\u00e8les sont les premiers au monde \u00e0 \u00eatre ainsi r\u00e9alis\u00e9s, sans le moindre recours, m\u00eame partiel, \u00e0 une confection classique.\u00a0 Ces vestes sont \u00e0 l&#8217;industrie textile, ce que le smartphone est au t\u00e9l\u00e9phone filaire&#8221;<\/em>, s&#8217;enthousiasme Philippe Joffard, pr\u00e9sident et co-fondateur de Top Tex Cube, une startup positionn\u00e9e sur le segment des textiles techniques intelligents.<\/p><\/blockquote>\n<p style=\"text-align: justify\">Ces deux mod\u00e8les de veste et une cape sont propos\u00e9s durant un mois sur Kickstarter. Dans la foul\u00e9e, un site de vente en ligne verra le jour et la collection 2017 devrait compter plusieurs dizaines de mod\u00e8les de v\u00eatements et des accessoires.<\/p>\n<\/div>\n<\/section>\n<p><span class=\"author-name\">Par <a>Fran\u00e7oise Sigot<\/a> <\/span> \u00a0|\u00a0 21\/10\/2016<\/p>\n<p><a href=\"http:\/\/acteursdeleconomie.latribune.fr\/en-bref\/2016-10-21\/textile-innovant-aouro-lance-sa-marque-sur-kickstarter.html\">Lien<\/a><\/p>\n","protected":false},"excerpt":{"rendered":"<p>La premi\u00e8re ligne de v\u00eatements sans couture cr\u00e9\u00e9e par la soci\u00e9t\u00e9 is\u00e9roise Top Tex Cube, co fond\u00e9e par l&#8217;ex-patron de Lafuma, se lance en proposant des \u00e9ditions limit\u00e9es. Depuis mardi, [&hellip;]<\/p>\n","protected":false},"author":91,"featured_media":3049,"comment_status":"open","ping_status":"open","sticky":false,"template":"","format":"standard","meta":{"footnotes":""},"categories":[20],"tags":[480,203,186,481],"class_list":["post-3048","post","type-post","status-publish","format-standard","has-post-thumbnail","hentry","category-persomag","tag-innovation","tag-made-in-france","tag-technologie","tag-top-tex"],"translation":{"provider":"WPGlobus","version":"3.0.2","language":"en","enabled_languages":["fr","en"],"languages":{"fr":{"title":true,"content":true,"excerpt":false},"en":{"title":false,"content":false,"excerpt":false}}},"aioseo_notices":[],"_links":{"self":[{"href":"https:\/\/persoclo.fr\/en\/wp-json\/wp\/v2\/posts\/3048","targetHints":{"allow":["GET"]}}],"collection":[{"href":"https:\/\/persoclo.fr\/en\/wp-json\/wp\/v2\/posts"}],"about":[{"href":"https:\/\/persoclo.fr\/en\/wp-json\/wp\/v2\/types\/post"}],"author":[{"embeddable":true,"href":"https:\/\/persoclo.fr\/en\/wp-json\/wp\/v2\/users\/91"}],"replies":[{"embeddable":true,"href":"https:\/\/persoclo.fr\/en\/wp-json\/wp\/v2\/comments?post=3048"}],"version-history":[{"count":3,"href":"https:\/\/persoclo.fr\/en\/wp-json\/wp\/v2\/posts\/3048\/revisions"}],"predecessor-version":[{"id":3052,"href":"https:\/\/persoclo.fr\/en\/wp-json\/wp\/v2\/posts\/3048\/revisions\/3052"}],"wp:featuredmedia":[{"embeddable":true,"href":"https:\/\/persoclo.fr\/en\/wp-json\/wp\/v2\/media\/3049"}],"wp:attachment":[{"href":"https:\/\/persoclo.fr\/en\/wp-json\/wp\/v2\/media?parent=3048"}],"wp:term":[{"taxonomy":"category","embeddable":true,"href":"https:\/\/persoclo.fr\/en\/wp-json\/wp\/v2\/categories?post=3048"},{"taxonomy":"post_tag","embeddable":true,"href":"https:\/\/persoclo.fr\/en\/wp-json\/wp\/v2\/tags?post=3048"}],"curies":[{"name":"wp","href":"https:\/\/api.w.org\/{rel}","templated":true}]}}