{"id":2833,"date":"2016-09-30T22:25:20","date_gmt":"2016-09-30T21:25:20","guid":{"rendered":"http:\/\/persoclo.fr\/?p=2833"},"modified":"2016-09-30T22:25:20","modified_gmt":"2016-09-30T21:25:20","slug":"le-retour-du-chiffon-textile-plus-absorbant-et-moins-cher","status":"publish","type":"post","link":"https:\/\/persoclo.fr\/en\/le-retour-du-chiffon-textile-plus-absorbant-et-moins-cher\/","title":{"rendered":"Le retour du chiffon textile, plus absorbant et moins cher"},"content":{"rendered":"<p style=\"text-align: justify\">Depuis la reprise en 2016 de la soci\u00e9t\u00e9 Delaunay Essuyage (Montreuil- sous-Bois), reconnue en \u00cele-de- France pour son savoir-faire en mati\u00e8re de collecte et de transformation du linge de blanchisserie r\u00e9form\u00e9, l\u2019entreprise r\u00e9moise ETS Compas conforte sa position de leader sur le march\u00e9 fran\u00e7ais de l\u2019essuyage. \u201dNous produisons jusqu\u2019\u00e0 4 500 tonnes de chiffons par an\u201d, se f\u00e9licite Olivier Compas, P-DG.<\/p>\n<p><strong>LE CHIFFON, BON POUR L\u2019ENVIRONNEMENT<\/strong><\/p>\n<p>ETS Compas est un chiffonnier nouvelle g\u00e9n\u00e9ration qui s\u2019inscrit dans la fili\u00e8re recyclage. L\u2019entreprise donne une seconde vie aux mises au rebut de TLC (textile-linge-chaussures), c\u2019est-\u00e0-dire les 30 % d\u00e9class\u00e9s, en les achetant \u00e0 des collecteurs-trieurs, qu\u2019il s\u2019agisse d\u2019associations ou de gestionnaires de bornes de collecte pour les particuliers.<br \/>\nDans les ateliers, les dos de tee-shirt, les jambes de pantalons, les manches de chemises, les blouses ou encore les draps sont tri\u00e9s par couleur et type de textile, d\u00e9barrass\u00e9s des coutures et des cols, taill\u00e9s en morceaux de tailles \u00e9gales, puis emball\u00e9s. La gamme est large : chiffons blancs et couleurs de friperie ou de blanchisserie, chiffons calibr\u00e9s en format conditionn\u00e9s en valisettes, etc. \u00c0 chaque usage, sa qualit\u00e9 ! \u201dNotre valeur ajout\u00e9e repose sur la qualit\u00e9 du sourcing, la formation des salari\u00e9s (au tri, \u00e0 la coupe\u2026) et la diversit\u00e9 de l\u2019offre\u201d, explique Olivier Compas.<br \/>\nMais aussi sur l\u2019image du chiffon textile recycl\u00e9, \u201dbon pour la plan\u00e8te\u201d, que l\u2019entreprise familiale diffuse via ses 400 revendeurs et directement aupr\u00e8s des industriels.<\/p>\n<p>PUBLI\u00c9 LE 30\/09\/2016<\/p>\n<p><a href=\"http:\/\/www.usinenouvelle.com\/article\/publiscopie-le-retour-du-chiffon-textile-plus-absorbant-et-moins-cher.N444447\">Lien<\/a><\/p>\n","protected":false},"excerpt":{"rendered":"<p>Depuis la reprise en 2016 de la soci\u00e9t\u00e9 Delaunay Essuyage (Montreuil- sous-Bois), reconnue en \u00cele-de- France pour son savoir-faire en mati\u00e8re de collecte et de transformation du linge de blanchisserie [&hellip;]<\/p>\n","protected":false},"author":91,"featured_media":2834,"comment_status":"open","ping_status":"open","sticky":false,"template":"","format":"standard","meta":{"footnotes":""},"categories":[20],"tags":[132,180],"class_list":["post-2833","post","type-post","status-publish","format-standard","has-post-thumbnail","hentry","category-persomag","tag-environnement","tag-recyclage"],"translation":{"provider":"WPGlobus","version":"3.0.2","language":"en","enabled_languages":["fr","en"],"languages":{"fr":{"title":true,"content":true,"excerpt":false},"en":{"title":false,"content":false,"excerpt":false}}},"aioseo_notices":[],"_links":{"self":[{"href":"https:\/\/persoclo.fr\/en\/wp-json\/wp\/v2\/posts\/2833","targetHints":{"allow":["GET"]}}],"collection":[{"href":"https:\/\/persoclo.fr\/en\/wp-json\/wp\/v2\/posts"}],"about":[{"href":"https:\/\/persoclo.fr\/en\/wp-json\/wp\/v2\/types\/post"}],"author":[{"embeddable":true,"href":"https:\/\/persoclo.fr\/en\/wp-json\/wp\/v2\/users\/91"}],"replies":[{"embeddable":true,"href":"https:\/\/persoclo.fr\/en\/wp-json\/wp\/v2\/comments?post=2833"}],"version-history":[{"count":1,"href":"https:\/\/persoclo.fr\/en\/wp-json\/wp\/v2\/posts\/2833\/revisions"}],"predecessor-version":[{"id":2835,"href":"https:\/\/persoclo.fr\/en\/wp-json\/wp\/v2\/posts\/2833\/revisions\/2835"}],"wp:featuredmedia":[{"embeddable":true,"href":"https:\/\/persoclo.fr\/en\/wp-json\/wp\/v2\/media\/2834"}],"wp:attachment":[{"href":"https:\/\/persoclo.fr\/en\/wp-json\/wp\/v2\/media?parent=2833"}],"wp:term":[{"taxonomy":"category","embeddable":true,"href":"https:\/\/persoclo.fr\/en\/wp-json\/wp\/v2\/categories?post=2833"},{"taxonomy":"post_tag","embeddable":true,"href":"https:\/\/persoclo.fr\/en\/wp-json\/wp\/v2\/tags?post=2833"}],"curies":[{"name":"wp","href":"https:\/\/api.w.org\/{rel}","templated":true}]}}