{"id":2674,"date":"2016-09-15T03:43:42","date_gmt":"2016-09-15T02:43:42","guid":{"rendered":"http:\/\/persoclo.fr\/?p=2674"},"modified":"2016-09-15T03:43:42","modified_gmt":"2016-09-15T02:43:42","slug":"quels-sont-les-vetements-dangereux-pour-la-sante","status":"publish","type":"post","link":"https:\/\/persoclo.fr\/en\/quels-sont-les-vetements-dangereux-pour-la-sante\/","title":{"rendered":"Quels sont les v\u00eatements dangereux pour la sant\u00e9 ?"},"content":{"rendered":"<h2 class=\"chapo\" style=\"margin: 0px 0px 30px;text-align: justify;color: #000000;line-height: 26px;text-indent: 0px;letter-spacing: normal;font-family: 'Open Sans',Helvetica,Arial,sans-serif;font-size: 16px;font-style: normal;font-weight: bold;text-decoration: none;list-style-type: none;background-color: #ffffff\">Alerte dans les penderies et dressings. Certains habits provoquent des d\u00e9sagr\u00e9ments de sant\u00e9. Sur Europe 1, le m\u00e9decin G\u00e9rald Kierzek livre ses astuces pour se v\u00eatir sans probl\u00e8me.<\/h2>\n<div style=\"list-style-type: none;text-decoration: none;color: #000000;font-family: 'Open Sans', Helvetica, Arial, sans-serif;font-size: 14px;font-style: normal;font-weight: normal;letter-spacing: normal;line-height: 20px;text-align: start;text-indent: 0px;background-color: #ffffff\">\n<p style=\"text-align: justify\">Vous pensiez qu&#8217;un v\u00eatement pouvait au pire ne pas vous aller : erreur ! Un habit mal adapt\u00e9 peut engendrer un certain nombres de cons\u00e9quences sanitaires peu dangereuses mais inconfortables : infections, irritations, allergies&#8230; Le docteur G\u00e9rald Kierzek vous aide \u00e0 faire le m\u00e9nage dans votre vestiaire, ou du moins \u00e0 prendre de bonnes habitudes vestimentaires, dans l&#8217;\u00e9mission<span class=\"Apple-converted-space\">\u00a0<\/span><a class=\"link\" href=\"http:\/\/www.europe1.fr\/emissions\/questions-de-sante\" target=\"_self\"><i>Questions de sant\u00e9<\/i><\/a>.<\/p>\n<blockquote><p><b>&gt; Allergies et irritations<\/b><\/p><\/blockquote>\n<p style=\"margin: 0px 0px 20px;text-align: justify;color: #000000;line-height: 26px;text-indent: 0px;letter-spacing: normal;font-family: 'Open Sans',Helvetica,Arial,sans-serif;font-size: 16px;font-style: normal;font-weight: normal;text-decoration: none;list-style-type: none;background-color: #ffffff\">Certains v\u00eatements provoquent des allergies. &#8220;Il s&#8217;agit rarement d&#8217;une allergie au textile en lui-m\u00eame mais plut\u00f4t \u00e0 un colorant ou \u00e0 un appr\u00eat&#8221; du v\u00eatement. Autre ph\u00e9nom\u00e8ne, cette fois sans rapport avec une allergie, certains produits -toxiques-\u00a0qui ont pu \u00eatre mis sur le v\u00eatement peuvent provoquer une irritation (rougeur, prurit, d\u00e9mangeaisons). &#8220;A noter qu&#8217;une r\u00e9glementation europ\u00e9enne interdit aux fabricants d&#8217;utiliser certains produits toxiques&#8221;, souligne G\u00e9rald Kierzek, mais mondialisation oblige, certains articles internationaux ne sont pas soumis au m\u00eame genre de\u00a0r\u00e9glementation. Enfin, la laine est une mati\u00e8re qui peut naturellement &#8220;gratter&#8221;, provoquer une irritation.<\/p>\n<p style=\"margin: 0px 0px 20px;text-align: justify;color: #000000;line-height: 26px;text-indent: 0px;letter-spacing: normal;font-family: 'Open Sans',Helvetica,Arial,sans-serif;font-size: 16px;font-style: normal;font-weight: normal;text-decoration: none;list-style-type: none;background-color: #ffffff\"><b>Laver avant de porter.<\/b><span class=\"Apple-converted-space\">\u00a0<\/span>De mani\u00e8re g\u00e9n\u00e9rale, pour pr\u00e9venir les irritations, mais aussi pour \u00e9viter tout risque de transmissions de germes ou bact\u00e9ries, le sp\u00e9cialiste pr\u00e9conise de laver deux fois avant de le porter tout<span class=\"Apple-converted-space\">\u00a0<\/span><a class=\"link\" href=\"http:\/\/www.europe1.fr\/economie\/soldes-recrudescence-de-lactivite-pour-les-enseignes-de-vetements-2810761\" target=\"_self\">v\u00eatement<\/a><span class=\"Apple-converted-space\">\u00a0<\/span>qui aurait un contact direct avec la peau. Le conseil vaut d&#8217;autant plus pour les sous-v\u00eatements. Mais l\u00e0 aussi vigilance notamment en cas de changement de lessive, car l&#8217;agent lavant peut lui-m\u00eame provoquer des allergies !<\/p>\n<p style=\"margin: 0px 0px 20px;text-align: justify;color: #000000;line-height: 26px;text-indent: 0px;letter-spacing: normal;font-family: 'Open Sans',Helvetica,Arial,sans-serif;font-size: 16px;font-style: normal;font-weight: normal;text-decoration: none;list-style-type: none;background-color: #ffffff\"><b>Gare aux bact\u00e9ries.<\/b><span class=\"Apple-converted-space\">\u00a0<\/span>Toujours dans l&#8217;optique de ne pas \u00eatre irrit\u00e9, faut-il rel\u00e9guer son pyjama au placard et plut\u00f4t<span class=\"Apple-converted-space\">\u00a0<\/span><a class=\"link\" href=\"http:\/\/www.europe1.fr\/societe\/comment-bien-dormir-sans-prendre-de-medicaments-2842573\" target=\"_self\">dormir<\/a><span class=\"Apple-converted-space\">\u00a0<\/span>dans le plus simple appareil ? Non, pas forc\u00e9ment, assure G\u00e9rald Kierzek. &#8220;Il vaut mieux dormir nu qu&#8217;en un pyjama sale. On a tendance \u00e0 moins les laver que d&#8217;autres types de v\u00eatements ! Avec un pyjama propre, il n&#8217;y a aucun probl\u00e8me.&#8221; Dans la famille nid \u00e0 bact\u00e9ries, il faut aussi se m\u00e9fier des maillots de bain, et ce pour deux raisons : &#8220;ils sont souvent en mati\u00e8re\u00a0synth\u00e9tique\u00a0et sont souvent mouill\u00e9s.&#8221; Prenez donc bien soin de les laver et les s\u00e9cher apr\u00e8s utilisation.<\/p>\n<p style=\"margin: 0px 0px 20px;text-align: justify;color: #000000;line-height: 26px;text-indent: 0px;letter-spacing: normal;font-family: 'Open Sans',Helvetica,Arial,sans-serif;font-size: 16px;font-style: normal;font-weight: normal;text-decoration: none;list-style-type: none;background-color: #ffffff\"><b>&gt;&gt; Compressions<\/b><\/p>\n<p style=\"margin: 0px 0px 20px;text-align: justify;color: #000000;line-height: 26px;text-indent: 0px;letter-spacing: normal;font-family: 'Open Sans',Helvetica,Arial,sans-serif;font-size: 16px;font-style: normal;font-weight: normal;text-decoration: none;list-style-type: none;background-color: #ffffff\">M\u00eame sans irriter, certains v\u00eatements tr\u00e8s pr\u00e8s du corps peuvent \u00e9galement poser de petits soucis. Revue de penderie :<\/p>\n<ul class=\"list uncropped\" style=\"list-style-type: none;text-decoration: none;margin: 0px;padding: 0px;color: #000000;font-family: 'Open Sans', Helvetica, Arial, sans-serif;font-size: 14px;font-style: normal;font-weight: normal;letter-spacing: normal;line-height: 20px;text-align: start;text-indent: 0px;background-color: #ffffff\">\n<li style=\"text-align: justify\"><b>Les gaines minceur.<\/b><span class=\"Apple-converted-space\">\u00a0<\/span>&#8220;M\u00e9caniquement, elles vont comprimer. C&#8217;est un peu comme un corset que l&#8217;on va mettre&#8221;, explique le m\u00e9decin. Il est ainsi possible de perdre une taille. L&#8217;inconv\u00e9nient, &#8220;c&#8217;est que \u00e7a comprime aussi les organes : l&#8217;intestin et l&#8217;estomac \u00e9ventuellement donc on peut avoir un inconfort digestif. La deuxi\u00e8me compression est veineuse. Cela g\u00eane le retour veineux.&#8221; G\u00e9rald Kierzek conseille donc de porter ce genre de sous-v\u00eatements seulement de temps en temps, &#8220;pour une soir\u00e9e ou pour mettre un v\u00eatement qui a une taille un peu trop serr\u00e9e&#8221;, par exemple, mais pas au quotidien.<\/li>\n<li>\n<p style=\"text-align: justify\"><b>Les leggins<\/b>. Ils pourraient para\u00eetre inoffensifs. Il faut n\u00e9anmoins ne pas perdre de vue que ces collants qui \u00e9pousent les formes &#8220;perturbent le cycle naturel de la transpiration. On peut avoir des infections \u00e0 r\u00e9p\u00e9tition.&#8221;<\/p>\n<\/li>\n<\/ul>\n<\/div>\n<p><span style=\"color: #999999;font-family: 'Open Sans', Helvetica, Arial, sans-serif;font-size: 12px;font-style: normal;font-weight: normal;letter-spacing: normal;line-height: 17.1429px;text-align: start;text-indent: 0px;float: none;background-color: #ffffff\"><span class=\"Apple-converted-space\">\u00a0<span style=\"color: #000000;font-family: 'Open Sans', Helvetica, Arial, sans-serif;font-size: 14px;font-style: normal;font-weight: normal;letter-spacing: normal;line-height: 20px;text-align: start;text-indent: 0px;float: none;background-color: #ffffff\">Par A.D &#8211; <\/span><\/span><\/span><span style=\"color: #999999;font-family: 'Open Sans', Helvetica, Arial, sans-serif;font-size: 12px;font-style: normal;font-weight: normal;letter-spacing: normal;line-height: 17.1429px;text-align: start;text-indent: 0px;float: none;background-color: #ffffff\">le 12 septembre 2016<\/span><\/p>\n<p>http:\/\/www.europe1.fr\/sante\/quels-sont-les-vetemnts-dangereux-pour-la-sante-2844526<\/p>\n","protected":false},"excerpt":{"rendered":"<p>Alerte dans les penderies et dressings. Certains habits provoquent des d\u00e9sagr\u00e9ments de sant\u00e9. Sur Europe 1, le m\u00e9decin G\u00e9rald Kierzek livre ses astuces pour se v\u00eatir sans probl\u00e8me. Vous pensiez [&hellip;]<\/p>\n","protected":false},"author":91,"featured_media":2675,"comment_status":"open","ping_status":"open","sticky":false,"template":"","format":"standard","meta":{"footnotes":""},"categories":[20],"tags":[132,466],"class_list":["post-2674","post","type-post","status-publish","format-standard","has-post-thumbnail","hentry","category-persomag","tag-environnement","tag-sante"],"translation":{"provider":"WPGlobus","version":"3.0.2","language":"en","enabled_languages":["fr","en"],"languages":{"fr":{"title":true,"content":true,"excerpt":false},"en":{"title":false,"content":false,"excerpt":false}}},"aioseo_notices":[],"_links":{"self":[{"href":"https:\/\/persoclo.fr\/en\/wp-json\/wp\/v2\/posts\/2674","targetHints":{"allow":["GET"]}}],"collection":[{"href":"https:\/\/persoclo.fr\/en\/wp-json\/wp\/v2\/posts"}],"about":[{"href":"https:\/\/persoclo.fr\/en\/wp-json\/wp\/v2\/types\/post"}],"author":[{"embeddable":true,"href":"https:\/\/persoclo.fr\/en\/wp-json\/wp\/v2\/users\/91"}],"replies":[{"embeddable":true,"href":"https:\/\/persoclo.fr\/en\/wp-json\/wp\/v2\/comments?post=2674"}],"version-history":[{"count":1,"href":"https:\/\/persoclo.fr\/en\/wp-json\/wp\/v2\/posts\/2674\/revisions"}],"predecessor-version":[{"id":2676,"href":"https:\/\/persoclo.fr\/en\/wp-json\/wp\/v2\/posts\/2674\/revisions\/2676"}],"wp:featuredmedia":[{"embeddable":true,"href":"https:\/\/persoclo.fr\/en\/wp-json\/wp\/v2\/media\/2675"}],"wp:attachment":[{"href":"https:\/\/persoclo.fr\/en\/wp-json\/wp\/v2\/media?parent=2674"}],"wp:term":[{"taxonomy":"category","embeddable":true,"href":"https:\/\/persoclo.fr\/en\/wp-json\/wp\/v2\/categories?post=2674"},{"taxonomy":"post_tag","embeddable":true,"href":"https:\/\/persoclo.fr\/en\/wp-json\/wp\/v2\/tags?post=2674"}],"curies":[{"name":"wp","href":"https:\/\/api.w.org\/{rel}","templated":true}]}}