{"id":2670,"date":"2016-09-15T02:53:56","date_gmt":"2016-09-15T01:53:56","guid":{"rendered":"http:\/\/persoclo.fr\/?p=2670"},"modified":"2016-09-15T03:25:30","modified_gmt":"2016-09-15T02:25:30","slug":"la-cooperative-normande-numero-1-europeen-du-lin","status":"publish","type":"post","link":"https:\/\/persoclo.fr\/en\/la-cooperative-normande-numero-1-europeen-du-lin\/","title":{"rendered":"La coop\u00e9rative normande num\u00e9ro 1 europ\u00e9en du lin"},"content":{"rendered":"<p class=\"description\" style=\"text-align: justify\">(Photo Sebastien Rande \/ Studio Cui Cui &#8211; 15 juillet 2014 )<\/p>\n<h2 class=\"description\" style=\"text-align: justify\">La coop\u00e9rative Terre de Lin fournit 15 % de la production mondiale de lin \u00ab textile \u00bb. Elle est install\u00e9e principalement \u00e0 Saint-Pierre-le-Viger (Seine-Maritime).<\/h2>\n<p style=\"text-align: justify\"><b>\u00ab<\/b><span class=\"Apple-converted-space\">\u00a0<\/span><b>Les filatures chinoises transforment 70<\/b><span class=\"Apple-converted-space\">\u00a0<\/span><b>% de notre production. Leurs agriculteurs n&#8217;arrivent pas \u00e0 produire du lin de qualit\u00e9.<\/b><span class=\"Apple-converted-space\">\u00a0<\/span><b>\u00bb<\/b><span class=\"Apple-converted-space\">\u00a0<\/span>Thierry Goujon, directeur de la coop\u00e9rative Terre de Lin, \u00e0 Saint-Pierre-le-Viger (Seine-Maritime), peut dormir tranquille. Dans la production de lin textile, les liniculteurs normands ont des longueurs d&#8217;avance sur la concurrence.<span class=\"Apple-converted-space\">\u00a0<\/span><b>\u00ab<\/b><span class=\"Apple-converted-space\">\u00a0<\/span><b>Dans le monde, on ne peut produire du lin textile de haute qualit\u00e9 que le long des c\u00f4tes de la Manche<\/b><span class=\"Apple-converted-space\">\u00a0<\/span><b>\u00bb<\/b>, explique J\u00e9r\u00f4me Lheureux, pr\u00e9sident de la section lin et chanvre du Gnis (l&#8217;interprofession des semences).<\/p>\n<p style=\"text-align: justify\">Question de climat &#8211; le lin appr\u00e9cie le temps couvert &#8211; et de qualit\u00e9 des sols. Les limons profonds s&#8217;\u00e9tendent de la plaine de Caen \u00e0 Dunkerque. Depuis la Manche, la bande de 150 km de large se poursuit en Belgique et en Hollande.<span class=\"Apple-converted-space\">\u00a0<\/span><b>\u00ab<\/b><span class=\"Apple-converted-space\">\u00a0<\/span><b>L&#8217;Europe produit 80<\/b><span class=\"Apple-converted-space\">\u00a0<\/span><b>% des fibres de lin de qualit\u00e9 au niveau mondial.<\/b><span class=\"Apple-converted-space\">\u00a0<\/span><b>\u00bb <\/b><\/p>\n<p style=\"text-align: justify\">Avec ses 600 liniculteurs en Seine-Maritime et dans l&#8217;Eure, ses 12 000 ha cultiv\u00e9s, la coop\u00e9rative fournit 15 % de la production mondiale de lin textile (le lin ol\u00e9agineux est destin\u00e9 \u00e0 l&#8217;alimentation animale). Terre de Lin est le n\u00b0 1 europ\u00e9en du secteur, depuis la cr\u00e9ation de vari\u00e9t\u00e9 et la production de semence adapt\u00e9e aux terroirs normands jusqu&#8217;aux op\u00e9rations de transformation du lin, le teillage (l&#8217;extraction de la fibre) et le peignage (le d\u00e9m\u00ealage des fibres et leur assemblage en ruban).<\/p>\n<h3 style=\"text-align: justify\">Fibres de lin dans le dollar !<\/h3>\n<p style=\"text-align: justify\">Sem\u00e9 en mars, le lin parvient \u00e0 maturit\u00e9 cent jours plus tard. Le tempo est serr\u00e9 ; la m\u00e9t\u00e9o peut tout g\u00e2cher. Mais \u00e7a rapporte gros.<span class=\"Apple-converted-space\">\u00a0<\/span><b>\u00ab Un hectare de lin me rapporte 5 000 \u20ac contre 1 500 \u20ac pour du bl\u00e9&#8230; C&#8217;est 30 % de mon revenu avec seulement 10 % des terres cultiv\u00e9es \u00bb<\/b>, explique Cyril Delacroix, \u00e9galement multiplicateur (producteurs de semence) pour Terre de Lin.<span class=\"Apple-converted-space\">\u00a0<\/span><strong>Lire aussi :<\/strong>Bretagne. Valorex mise sur les qualit\u00e9s nutritionnelles du lin<\/p>\n<p style=\"text-align: justify\">Les rendements s&#8217;am\u00e9liorent<span class=\"Apple-converted-space\">\u00a0<\/span><b>\u00ab de 35 kg de filasses (les fibres longues, NDLR) par hectare et par an \u00bb<\/b>, gr\u00e2ce \u00e0 la recherche vari\u00e9tale (1 500 lins recens\u00e9s en France). Les filatures (\u00e0 90 % chinoises) r\u00e9clament du lin textile. Les exportations mondiales sont pass\u00e9es de 110 000 \u00e0 130 000 tonnes en deux ans.<span class=\"Apple-converted-space\">\u00a0<\/span><b>\u00ab<\/b><b>Gr\u00e2ce \u00e0 l&#8217;innovation de la maille de lin pour l&#8217;habillement, la consommation nouvelle de v\u00eatements de lin en Inde, le linge de maison aux \u00c9tats-Unis<\/b><b>\u00bb<\/b><b>,<\/b>rappelle Thierry Goujon, directeur de Terre de Lin, num\u00e9ro un europ\u00e9en du lin textile.<span class=\"Apple-converted-space\">\u00a0<\/span><b>\u00ab L&#8217;innovation vient des industriels europ\u00e9ens. On tient \u00e0 leur livrer 30 % de notre production. \u00bb<\/b><\/p>\n<p style=\"text-align: justify\">Les Normands travaillent aussi sur l&#8217;incorporation des fibres de lin dans les mat\u00e9riaux composites. C&#8217;est le cas dans 15000 paires de ski Salomon. Le lin apporte de la stabilit\u00e9 au mat\u00e9riel. La fibre se retrouve<span class=\"Apple-converted-space\">\u00a0<\/span><b>\u00ab<\/b><span class=\"Apple-converted-space\">\u00a0<\/span><b>m\u00eame dans les billets de banque comme le dollar<\/b><span class=\"Apple-converted-space\">\u00a0<\/span><b>\u00bb<\/b>, avoue-t-on au Gnis. L&#8217;histoire ne dit pas si elle vient de Normandie&#8230;<\/p>\n<p>Publi\u00e9 le<span class=\"Apple-converted-space\">\u00a0<\/span>17\/11\/2015<\/p>\n<p>www.ouest-france.fr\/economie\/agroalimentaire\/textile-la-cooperative-normande-numero-1-europeen-du-lin-4472998<\/p>\n","protected":false},"excerpt":{"rendered":"<p>(Photo Sebastien Rande \/ Studio Cui Cui &#8211; 15 juillet 2014 ) La coop\u00e9rative Terre de Lin fournit 15 % de la production mondiale de lin \u00ab textile \u00bb. Elle [&hellip;]<\/p>\n","protected":false},"author":91,"featured_media":2671,"comment_status":"open","ping_status":"open","sticky":false,"template":"","format":"standard","meta":{"footnotes":""},"categories":[20],"tags":[198,203],"class_list":["post-2670","post","type-post","status-publish","format-standard","has-post-thumbnail","hentry","category-persomag","tag-economie","tag-made-in-france"],"translation":{"provider":"WPGlobus","version":"3.0.2","language":"en","enabled_languages":["fr","en"],"languages":{"fr":{"title":true,"content":true,"excerpt":false},"en":{"title":false,"content":false,"excerpt":false}}},"aioseo_notices":[],"_links":{"self":[{"href":"https:\/\/persoclo.fr\/en\/wp-json\/wp\/v2\/posts\/2670","targetHints":{"allow":["GET"]}}],"collection":[{"href":"https:\/\/persoclo.fr\/en\/wp-json\/wp\/v2\/posts"}],"about":[{"href":"https:\/\/persoclo.fr\/en\/wp-json\/wp\/v2\/types\/post"}],"author":[{"embeddable":true,"href":"https:\/\/persoclo.fr\/en\/wp-json\/wp\/v2\/users\/91"}],"replies":[{"embeddable":true,"href":"https:\/\/persoclo.fr\/en\/wp-json\/wp\/v2\/comments?post=2670"}],"version-history":[{"count":1,"href":"https:\/\/persoclo.fr\/en\/wp-json\/wp\/v2\/posts\/2670\/revisions"}],"predecessor-version":[{"id":2672,"href":"https:\/\/persoclo.fr\/en\/wp-json\/wp\/v2\/posts\/2670\/revisions\/2672"}],"wp:featuredmedia":[{"embeddable":true,"href":"https:\/\/persoclo.fr\/en\/wp-json\/wp\/v2\/media\/2671"}],"wp:attachment":[{"href":"https:\/\/persoclo.fr\/en\/wp-json\/wp\/v2\/media?parent=2670"}],"wp:term":[{"taxonomy":"category","embeddable":true,"href":"https:\/\/persoclo.fr\/en\/wp-json\/wp\/v2\/categories?post=2670"},{"taxonomy":"post_tag","embeddable":true,"href":"https:\/\/persoclo.fr\/en\/wp-json\/wp\/v2\/tags?post=2670"}],"curies":[{"name":"wp","href":"https:\/\/api.w.org\/{rel}","templated":true}]}}