{"id":2554,"date":"2016-07-09T05:28:01","date_gmt":"2016-07-09T04:28:01","guid":{"rendered":"http:\/\/persoclo.fr\/?p=2554"},"modified":"2016-07-09T05:51:42","modified_gmt":"2016-07-09T04:51:42","slug":"un-tissu-intelligent-pour-remplacer-les-etiquettes","status":"publish","type":"post","link":"https:\/\/persoclo.fr\/en\/un-tissu-intelligent-pour-remplacer-les-etiquettes\/","title":{"rendered":"Un tissu &#8220;\u2009intelligent\u2009&#8221; pour remplacer les \u00e9tiquettes"},"content":{"rendered":"<h2 class=\"chapo-article\" style=\"text-align: justify\">La banque d\u2019investissement va apporter 1,85 million \u00e0 une start-up de Grenoble. Son projet permet d\u2019encapsuler des puces \u00e9lectroniques dans le fil des v\u00eatements.<\/h2>\n<p style=\"text-align: justify\">Aider \u00e0 mettre sur pied une fili\u00e8re industrielle fran\u00e7aise du v\u00eatement connect\u00e9, c&#8217;est l&#8217;une des ambitions de Bpifrance dans le cadre d&#8217;un appel \u00e0 projets financ\u00e9 par le \u00ab <a href=\"http:\/\/www.entreprises.gouv.fr\/conseil-national-industrie\/appels-a-projets-piave-bpifrance\" target=\"_blank\">Programme d&#8217;Investissements d&#8217;Avenir<\/a> \u00bb. Les textiles intelligents repr\u00e9sentent d\u00e9j\u00e0 en France pr\u00e8s de 50\u00a0% du <a class=\"LIEN_EXTERNE\" title=\"D\u00e9finition de Chiffre d'affaires\" href=\"http:\/\/www.lesechos.fr\/finance-marches\/vernimmen\/definition_chiffre-daffaires.html#xtor=SEC-3168\" rel=\"lien_auto\">chiffre d&#8217;affaires<\/a> du secteur, estim\u00e9 \u00e0 12 milliards d&#8217;euros.<\/p>\n<p style=\"text-align: justify\">La banque vient d&#8217;apporter 1,85 million d&#8217;euros au projet Th\u00e9s\u00e9e (3,8 millions au total), qui r\u00e9unit une <a class=\"LIEN_EXTERNE\" title=\"D\u00e9finition de Start-up\" href=\"http:\/\/www.lesechos.fr\/finance-marches\/vernimmen\/definition_start-up.html#xtor=SEC-3168\" rel=\"lien_auto\">start-up<\/a> grenobloise Primo1D, l&#8217;\u00e9cole de mode La Fabrique et l&#8217;\u00e9quipementier automobile EFI Automotive. La start-up, issue du CEA, a mis au point une technologie de micro encapsulation de puces \u00e9lectroniques RFID (identification par radio fr\u00e9quence) dans les fils du textile. Ce syst\u00e8me de radio fr\u00e9quence est d\u00e9j\u00e0 utilis\u00e9 par les g\u00e9ants de l&#8217;habillement Zara ou Decathlon, mais via des \u00e9tiquettes, avec le risque qu&#8217;elles soient enlev\u00e9es. \u00ab<em>Avec notre technologie, cette puce est int\u00e9gr\u00e9e d\u00e8s la conception du v\u00eatement. Il va porter en lui cette fonction, de fa\u00e7on invisible, durable et lavable \u00bb<\/em>, pr\u00e9cise Emmanuel Ar\u00e8ne, le co fondateur et dirigeant de Primo1D.<\/p>\n<div class=\"picture-article\" style=\"text-align: justify\">\n<figure><img decoding=\"async\" title=\"La start-up primo1D a mis au point une technique qui permet d'encapsuler des puces \u00e9lectroniques dans un fil textile - DR\" src=\"http:\/\/www.lesechos.fr\/medias\/2016\/07\/06\/2012059_textile-un-tissu-intelligent-pour-remplacer-les-etiquettes-web-0211095340712.jpg\" alt=\"La start-up primo1D a mis au point une technique qui permet d'encapsuler des puces \u00e9lectroniques dans un fil textile - DR\" \/><figcaption>La start-up primo1D a mis au point une technique qui permet d&#8217;encapsuler des puces \u00e9lectroniques dans un fil textile &#8211; DR<\/figcaption><\/figure>\n<\/div>\n<p style=\"text-align: justify\">Son int\u00e9r\u00eat\u00a0: assurer la tra\u00e7abilit\u00e9 d&#8217;un mod\u00e8le depuis sa fabrication \u00e0 la livraison en magasin. Ce qui va faciliter la gestion des stocks, surtout avec le d\u00e9veloppement des ventes multicanal (internet). Un enjeu capital dans ce secteur. Aujourd&#8217;hui, l&#8217;impr\u00e9cision des inventaires, entre ce qui est r\u00e9ellement stock\u00e9 et ce qui est r\u00e9pertori\u00e9 informatiquement, peut atteindre jusqu&#8217;\u00e0 25\u00a0% ! <em>\u00ab Ce qui veut dire qu&#8217;on en sait pas o\u00f9 est pass\u00e9 un quart des &#8220;fringues&#8221;, et si elles ont \u00e9t\u00e9 vol\u00e9es, perdues ou vendues \u00bb<\/em>, reprend le dirigeant. Quand on sait que 4 milliards d&#8217;\u00e9tiquettes \u00e9lectroniques sont aujourd&#8217;hui vendues chaque ann\u00e9e, on mesure la taille potentielle de ce <a class=\"LIEN_EXTERNE\" title=\"D\u00e9finition de Nouveau march\u00e9\" href=\"http:\/\/www.lesechos.fr\/finance-marches\/vernimmen\/definition_nouveau-marche.html#xtor=SEC-3168\" rel=\"lien_auto\">nouveau march\u00e9<\/a>. Ce fil du futur est aussi une solution contre les vols et permet l&#8217;authentification d&#8217;une pi\u00e8ce. Un plus pour les marques haut de gamme dans la lutte contre le contrefa\u00e7on.<\/p>\n<h3 class=\"intertitre\" style=\"text-align: justify\">\u00ab Garde-robe connect\u00e9e \u00bb<\/h3>\n<p style=\"text-align: justify\">Primo1D r\u00e9fl\u00e9chit aussi \u00e0 de nouveaux usages cette fois pour le consommateur, avec l&#8217;id\u00e9e \u00ab <em>d&#8217;une garde robe connect\u00e9e<\/em> \u00bb. Il pourrait, via son smartphone, \u00eatre inform\u00e9 sur l&#8217;entretien de son v\u00eatement, ou \u00eatre mis en contact avec le site de la marque pour les nouveaut\u00e9s.<\/p>\n<p style=\"text-align: justify\">Tout l&#8217;enjeu d\u00e9sormais est de passer \u00e0 l&#8217;industrialisation. D&#8217;o\u00f9 le coup de pouce de la banque d&#8217;investissement. \u00ab<em> Incorporer une puce dans un fil, Primo1D sait le faire. Il faut d\u00e9sormais \u00eatre capable de tricoter ces fils \u00e0 l&#8217;\u00e9chelle industrielle, et passer les verrous<\/em> \u00bb, rel\u00e8ve Catherine Borg Capra, directrice des fili\u00e8res industrielles de Bpifrance.<\/p>\n<p style=\"text-align: justify\">Partenaire du projet, l&#8217;\u00e9quipementier EFI va aider \u00e0 assembler ces composants \u00e9lectroniques. L&#8217;\u00e9cole de mode la Fabrique va, elle, mettre son r\u00e9seau de confectionneurs, sp\u00e9cialistes de la maille ou du tricotage, au service de la start-up grenobloise. <em>\u00ab Nous allons travailler avec ses professionnels pour nous aider \u00e0 int\u00e9grer ces techniques dans le v\u00eatement<\/em>\u00bb, reprend Emmanuel Ar\u00e8ne. Parmi les entreprises int\u00e9ress\u00e9es, Dim serait pr\u00eat, selon la Bpi, \u00e0 tester la technologie. Le co\u00fbt de ces fils intelligents -plus chers qu&#8217;une \u00e9tiquette \u00e9lectronique- pourra, avec de plus gros volumes, \u00eatre comp\u00e9titif demain, assurent les promoteurs du projet.Et permettre des gammes de prix accessibles sur le march\u00e9. \u00ab <em>L&#8217;objectif est d&#8217;atteindre un chiffre d&#8217;affaires de 20 millions d&#8217;euros en 2020, avec la cr\u00e9ation de 70 emplois <\/em>\u00bb, se r\u00e9jouit Catherine Borg Capra.<\/p>\n<p>&nbsp;<\/p>\n<ul>\n<li>Par<a class=\"meta-author\" title=\"Tous les articles de Dominique Chapuis\" href=\"http:\/\/www.lesechos.fr\/journalistes\/index.php?id=245\"> DOMINIQUE CHAPUIS<\/a><\/li>\n<li>Le 04\/07\/2016<\/li>\n<li>www.lesechos.fr\/industrie-services\/conso-distribution\/0211095581754-bpifrance-veut-batir-une-filiere-du-vetement-connecte-2012059.php?hr4Yk7r25joe0r2e.99<\/li>\n<\/ul>\n","protected":false},"excerpt":{"rendered":"<p>La banque d\u2019investissement va apporter 1,85 million \u00e0 une start-up de Grenoble. Son projet permet d\u2019encapsuler des puces \u00e9lectroniques dans le fil des v\u00eatements. Aider \u00e0 mettre sur pied une [&hellip;]<\/p>\n","protected":false},"author":91,"featured_media":2555,"comment_status":"open","ping_status":"open","sticky":false,"template":"","format":"standard","meta":{"footnotes":""},"categories":[20],"tags":[218,186],"class_list":["post-2554","post","type-post","status-publish","format-standard","has-post-thumbnail","hentry","category-persomag","tag-connecte","tag-technologie"],"translation":{"provider":"WPGlobus","version":"3.0.2","language":"en","enabled_languages":["fr","en"],"languages":{"fr":{"title":true,"content":true,"excerpt":false},"en":{"title":false,"content":false,"excerpt":false}}},"aioseo_notices":[],"_links":{"self":[{"href":"https:\/\/persoclo.fr\/en\/wp-json\/wp\/v2\/posts\/2554","targetHints":{"allow":["GET"]}}],"collection":[{"href":"https:\/\/persoclo.fr\/en\/wp-json\/wp\/v2\/posts"}],"about":[{"href":"https:\/\/persoclo.fr\/en\/wp-json\/wp\/v2\/types\/post"}],"author":[{"embeddable":true,"href":"https:\/\/persoclo.fr\/en\/wp-json\/wp\/v2\/users\/91"}],"replies":[{"embeddable":true,"href":"https:\/\/persoclo.fr\/en\/wp-json\/wp\/v2\/comments?post=2554"}],"version-history":[{"count":3,"href":"https:\/\/persoclo.fr\/en\/wp-json\/wp\/v2\/posts\/2554\/revisions"}],"predecessor-version":[{"id":2564,"href":"https:\/\/persoclo.fr\/en\/wp-json\/wp\/v2\/posts\/2554\/revisions\/2564"}],"wp:featuredmedia":[{"embeddable":true,"href":"https:\/\/persoclo.fr\/en\/wp-json\/wp\/v2\/media\/2555"}],"wp:attachment":[{"href":"https:\/\/persoclo.fr\/en\/wp-json\/wp\/v2\/media?parent=2554"}],"wp:term":[{"taxonomy":"category","embeddable":true,"href":"https:\/\/persoclo.fr\/en\/wp-json\/wp\/v2\/categories?post=2554"},{"taxonomy":"post_tag","embeddable":true,"href":"https:\/\/persoclo.fr\/en\/wp-json\/wp\/v2\/tags?post=2554"}],"curies":[{"name":"wp","href":"https:\/\/api.w.org\/{rel}","templated":true}]}}