{"id":2483,"date":"2016-07-05T04:46:34","date_gmt":"2016-07-05T03:46:34","guid":{"rendered":"http:\/\/persoclo.fr\/?p=2483"},"modified":"2016-07-05T04:52:32","modified_gmt":"2016-07-05T03:52:32","slug":"marche-de-vetements-ethiques-porter-la-resistance-a-voir-absolument","status":"publish","type":"post","link":"https:\/\/persoclo.fr\/en\/marche-de-vetements-ethiques-porter-la-resistance-a-voir-absolument\/","title":{"rendered":"March\u00e9 de v\u00eatements \u00e9thiques &#8211; &#8220;Porter la r\u00e9sistance&#8221; (A voir absolument)"},"content":{"rendered":"<p style=\"text-align: justify\">Le documentaire d\u2019Andrew Morgan s\u2019interroge sur les cons\u00e9quences \u00e9cologiques, sociales et \u00e9conomiques de l\u2019industrie du v\u00eatement. Ayant comme th\u00e8me central le fast fashion \u2014 soit l\u2019acc\u00e9l\u00e9ration d\u00e9mesur\u00e9e de la production et de la vente de v\u00eatements par les grandes cha\u00eenes de magasins \u2014 \u00ab\u00a0The True Cost\u00a0\u00bb propose une r\u00e9flexion globale sur les d\u00e9rives de l\u2019industrie et pr\u00e9sente le r\u00e9cit percutant derri\u00e8re les v\u00eatements que l\u2019on portent. De la conjoncture \u00e9conomique et sociale ayant favoriser l\u2019expansion de ce mod\u00e8le, en passant par les conditions de travail inhumaines qui en r\u00e9sultent, le film propose de faire autrement et inspire \u00e0 de meilleur choix de consommation.<\/p>\n<p style=\"text-align: justify\">Dans une soci\u00e9t\u00e9 r\u00e9gie par les lois du march\u00e9, nos choix de consommation rev\u00eatent un caract\u00e8re \u00e9minemment politique et s\u2019av\u00e8rent de puissants actes de r\u00e9sistance. En s\u2019associant \u00e0 des entreprises locales s\u2019opposant au mod\u00e8le du fast fashion, le Cin\u00e9ma sous les \u00e9toiles vous propose de passer de l\u2019\u00e9cran \u00e0 la r\u00e9alit\u00e9. Ainsi, nous vous invitons \u00e0 d\u00e9couvrir des initiatives locales et \u00e0 vous procurer des produits de qualit\u00e9, \u00e9quitables, doux pour l\u2019environnement ou encore vintage.<\/p>\n<p style=\"text-align: justify\">Seront pr\u00e9sents au march\u00e9\u00a0: la friperie Mlle Frivole\u2014 la marque de v\u00eatement urbain socialement responsable Once Again \u2013 la boutique Ethik Bgc rassemblant plusieurs designers \u00e9thiques \u2014 la marque confectionn\u00e9e \u00e0 partir de textiles doux pour l\u2019environnement Meemoza\u2014la boutique mode \u00e9cologique La Gaillarde, \u2014 le vide-dressing chic Raymond IV \u2014 la boutique en ligne Rocco Mosquito ainsi que la friperie KILOfripe.<\/p>\n<p style=\"text-align: justify\">Sonia Paradis, fondatrice de La Fabrique \u00e9thique et l\u2019auteur du livre \u00ab\u00a0Porter le changement\u00a0\u00bb, un livre examinant les solutions employ\u00e9es par les \u00e9codesigners du Qu\u00e9bec pour adresser les enjeux environnementaux et sociaux reli\u00e9s \u00e0 la surconsommation de produits mode, sera notre invit\u00e9e lors de la discussion suivant la projection.<\/p>\n<p style=\"text-align: justify\">Dans le cadre de Porter le changement, La Fabrique \u00e9thique, qui encourage la r\u00e9utilisation de produits textiles, invite le public \u00e0 donner une seconde vie \u00e0 ses v\u00eatements dans un atelier cr\u00e9atif de broderie et de perlage. Le public est invit\u00e9 \u00e0 apporter un v\u00eatement ayant besoin d\u2019un peu d\u2019amour afin d\u2019en faire une \u0153uvre \u00e0 porter personnalis\u00e9e.<\/p>\n<p style=\"text-align: justify\">Le Cin\u00e9ma sous les \u00e9toiles convie le public \u00e0 son <a class=\"spip_out\" href=\"https:\/\/www.facebook.com\/events\/1292657240763495\/\" rel=\"external\">\u00e9v\u00e9nement<\/a> Porter la r\u00e9sistance \u2013 March\u00e9 de v\u00eatements \u00e9thiques \u2013 le 5 juillet \u00e0 compter de 18 h au Parc Saint-Gabriel dans Pointe-Saint-Charles (m\u00e9tro Charlevoix) pour encourager nos initiatives locales.<\/p>\n<ul>\n<li style=\"text-align: justify\">Article r\u00e9dig\u00e9 par <strong>Le Lien MULTIM\u00c9DIA<\/strong><\/li>\n<li style=\"text-align: justify\">4 juillet 2016<\/li>\n<\/ul>\n<p style=\"text-align: center\"><span style=\"text-decoration: underline\"><strong>Bande annonce (VO)<\/strong><\/span><\/p>\n<p><iframe loading=\"lazy\" width=\"900\" height=\"506\" src=\"https:\/\/www.youtube.com\/embed\/NDx711ibD1M?feature=oembed\" frameborder=\"0\" allowfullscreen><\/iframe><\/p>\n<p>&nbsp;<\/p>\n<p>&nbsp;<\/p>\n<p style=\"text-align: center\"><strong><a href=\"http:\/\/chouhaa.info\/9xzuu1fzf0g4\" target=\"_blank\">Voir le documentaire Complet sur Youwatch (VOSTFR)<br \/>\n<\/a><\/strong><a href=\"http:\/\/chouhaa.info\/9xzuu1fzf0g4\" target=\"_blank\"><img loading=\"lazy\" decoding=\"async\" class=\"aligncenter wp-image-2486 size-medium\" src=\"http:\/\/persoclo.fr\/wp-content\/uploads\/2016\/07\/youwatch-2-300x165.png\" alt=\"youwatch\" width=\"300\" height=\"165\" \/><\/a><\/p>\n","protected":false},"excerpt":{"rendered":"<p>Le documentaire d\u2019Andrew Morgan s\u2019interroge sur les cons\u00e9quences \u00e9cologiques, sociales et \u00e9conomiques de l\u2019industrie du v\u00eatement. Ayant comme th\u00e8me central le fast fashion \u2014 soit l\u2019acc\u00e9l\u00e9ration d\u00e9mesur\u00e9e de la production [&hellip;]<\/p>\n","protected":false},"author":91,"featured_media":2486,"comment_status":"open","ping_status":"open","sticky":false,"template":"","format":"video","meta":{"footnotes":""},"categories":[20],"tags":[228],"class_list":["post-2483","post","type-post","status-publish","format-video","has-post-thumbnail","hentry","category-persomag","tag-true-cost","post_format-post-format-video"],"translation":{"provider":"WPGlobus","version":"3.0.2","language":"en","enabled_languages":["fr","en"],"languages":{"fr":{"title":true,"content":true,"excerpt":false},"en":{"title":false,"content":false,"excerpt":false}}},"aioseo_notices":[],"_links":{"self":[{"href":"https:\/\/persoclo.fr\/en\/wp-json\/wp\/v2\/posts\/2483","targetHints":{"allow":["GET"]}}],"collection":[{"href":"https:\/\/persoclo.fr\/en\/wp-json\/wp\/v2\/posts"}],"about":[{"href":"https:\/\/persoclo.fr\/en\/wp-json\/wp\/v2\/types\/post"}],"author":[{"embeddable":true,"href":"https:\/\/persoclo.fr\/en\/wp-json\/wp\/v2\/users\/91"}],"replies":[{"embeddable":true,"href":"https:\/\/persoclo.fr\/en\/wp-json\/wp\/v2\/comments?post=2483"}],"version-history":[{"count":3,"href":"https:\/\/persoclo.fr\/en\/wp-json\/wp\/v2\/posts\/2483\/revisions"}],"predecessor-version":[{"id":2489,"href":"https:\/\/persoclo.fr\/en\/wp-json\/wp\/v2\/posts\/2483\/revisions\/2489"}],"wp:featuredmedia":[{"embeddable":true,"href":"https:\/\/persoclo.fr\/en\/wp-json\/wp\/v2\/media\/2486"}],"wp:attachment":[{"href":"https:\/\/persoclo.fr\/en\/wp-json\/wp\/v2\/media?parent=2483"}],"wp:term":[{"taxonomy":"category","embeddable":true,"href":"https:\/\/persoclo.fr\/en\/wp-json\/wp\/v2\/categories?post=2483"},{"taxonomy":"post_tag","embeddable":true,"href":"https:\/\/persoclo.fr\/en\/wp-json\/wp\/v2\/tags?post=2483"}],"curies":[{"name":"wp","href":"https:\/\/api.w.org\/{rel}","templated":true}]}}