{"id":2163,"date":"2016-06-10T16:39:14","date_gmt":"2016-06-10T15:39:14","guid":{"rendered":"http:\/\/persoclo.fr\/?p=2163"},"modified":"2016-06-10T16:39:14","modified_gmt":"2016-06-10T15:39:14","slug":"une-teinture-pour-textile-a-base-depluchures-de-fruits-et-legumes","status":"publish","type":"post","link":"https:\/\/persoclo.fr\/en\/une-teinture-pour-textile-a-base-depluchures-de-fruits-et-legumes\/","title":{"rendered":"Une teinture pour textile \u00e0 base d\u2019\u00e9pluchures de fruits et l\u00e9gumes"},"content":{"rendered":"<p style=\"text-align: justify;\">On voit de plus en plus de collections de v\u00eatements qui utilisent des textiles bio mais on parle beaucoup moins souvent des colorants utilis\u00e9s pour les teindre qui sont eux particuli\u00e8rement chimiques et donc nocifs. Le projet <strong><a href=\"http:\/\/local-colours.tumblr.com\/press\" target=\"_blank\">Local Colours<\/a><\/strong> est n\u00e9 en suisse et pourrait bien changer la donne\u00a0en utilisant des r\u00e9sidus alimentaires pour teindre les textiles. Les belles couleurs de la peau d\u2019avocat, de betterave, d\u2019oignons, de brugnons sont pour le moment utilis\u00e9es sur des carr\u00e9s de soie produits dans un petit atelier.<\/p>\n<p style=\"text-align: justify;\">Sonja Ruckstuhl Fotografie \u2013 <a href=\"http:\/\/t.umblr.com\/redirect?z=http%3A%2F%2Fsonjaruckstuhl.ch%2F&amp;t=YWFkZDJlYmU3YzhiOWRlYWM2ZTM5MDZmMDkwMTFiOTY0ZjhkNWYyYSxUbU4zdWpESg%3D%3D\">www.sonjaruckstuhl.ch<\/a><\/p>\n<p><img loading=\"lazy\" decoding=\"async\" class=\"size-full wp-image-2165\" src=\"http:\/\/persoclo.fr\/wp-content\/uploads\/2016\/06\/tumblr_inline_nyadr5HeMO1ttshxy_500.jpg\" alt=\"WINTERTHUR-14.07.2015. Caroline Fourr\u00e9, Project: Local Colors, www.local-colors.tumblr.com. She found a way to color clothes with food garbage. Portrait and Reportage of the procedure in Winterthur, Switzerland. Caroline Fourr\u00e9 079 546 08 03, caroline.fourre@bluewin.ch\" width=\"500\" height=\"750\" srcset=\"https:\/\/persoclo.fr\/wp-content\/uploads\/2016\/06\/tumblr_inline_nyadr5HeMO1ttshxy_500.jpg 500w, https:\/\/persoclo.fr\/wp-content\/uploads\/2016\/06\/tumblr_inline_nyadr5HeMO1ttshxy_500-200x300.jpg 200w\" sizes=\"auto, (max-width: 500px) 100vw, 500px\" \/><\/p>\n<p><img loading=\"lazy\" decoding=\"async\" class=\"size-full wp-image-2166\" src=\"http:\/\/persoclo.fr\/wp-content\/uploads\/2016\/06\/tumblr_inline_nyadr1xRmI1ttshxy_500.jpg\" alt=\"WINTERTHUR-14.07.2015. Caroline Fourr\u00e9, Project: Local Colors, www.local-colors.tumblr.com. She found a way to color clothes with food garbage. Portrait and Reportage of the procedure in Winterthur, Switzerland. Caroline Fourr\u00e9 079 546 08 03, caroline.fourre@bluewin.ch\" width=\"500\" height=\"750\" srcset=\"https:\/\/persoclo.fr\/wp-content\/uploads\/2016\/06\/tumblr_inline_nyadr1xRmI1ttshxy_500.jpg 500w, https:\/\/persoclo.fr\/wp-content\/uploads\/2016\/06\/tumblr_inline_nyadr1xRmI1ttshxy_500-200x300.jpg 200w\" sizes=\"auto, (max-width: 500px) 100vw, 500px\" \/><\/p>\n<p style=\"text-align: justify;\"><img loading=\"lazy\" decoding=\"async\" class=\"alignleft size-full wp-image-2167\" src=\"http:\/\/persoclo.fr\/wp-content\/uploads\/2016\/06\/wmixfreitag-38.jpg\" alt=\"wmixfreitag-38\" width=\"639\" height=\"426\" srcset=\"https:\/\/persoclo.fr\/wp-content\/uploads\/2016\/06\/wmixfreitag-38.jpg 639w, https:\/\/persoclo.fr\/wp-content\/uploads\/2016\/06\/wmixfreitag-38-600x400.jpg 600w, https:\/\/persoclo.fr\/wp-content\/uploads\/2016\/06\/wmixfreitag-38-300x200.jpg 300w\" sizes=\"auto, (max-width: 639px) 100vw, 639px\" \/><\/p>\n<p style=\"text-align: justify;\">\n<p style=\"text-align: justify;\">\n<p style=\"text-align: justify;\">\n<p style=\"text-align: justify;\">\n<p style=\"text-align: justify;\">\n<p style=\"text-align: justify;\">\n<p style=\"text-align: justify;\">\n<figure id=\"attachment_2164\" aria-describedby=\"caption-attachment-2164\" style=\"width: 500px\" class=\"wp-caption aligncenter\"><img loading=\"lazy\" decoding=\"async\" class=\"size-full wp-image-2164\" src=\"http:\/\/persoclo.fr\/wp-content\/uploads\/2016\/06\/tumblr_inline_nyadrc7pr71ttshxy_500.jpg\" alt=\"WINTERTHUR-14.07.2015. Caroline Fourr\u00e9, Project: Local Colors, www.local-colors.tumblr.com. She found a way to color clothes with food garbage. Portrait and Reportage of the procedure in Winterthur, Switzerland. Caroline Fourr\u00e9 079 546 08 03, caroline.fourre@bluewin.ch\" width=\"500\" height=\"333\" srcset=\"https:\/\/persoclo.fr\/wp-content\/uploads\/2016\/06\/tumblr_inline_nyadrc7pr71ttshxy_500.jpg 500w, https:\/\/persoclo.fr\/wp-content\/uploads\/2016\/06\/tumblr_inline_nyadrc7pr71ttshxy_500-300x200.jpg 300w\" sizes=\"auto, (max-width: 500px) 100vw, 500px\" \/><figcaption id=\"caption-attachment-2164\" class=\"wp-caption-text\">WINTERTHUR-14.07.2015. Caroline Fourr\u00e9, Project: Local Colors, www.local-colors.tumblr.com. She found a way to color clothes with food garbage. Portrait and Reportage of the procedure in Winterthur, Switzerland. Caroline Fourr\u00e9 079 546 08 03, caroline.fourre@bluewin.ch<\/figcaption><\/figure>\n<p>&nbsp;<\/p>\n<p>http:\/\/www.franceinter.fr\/emission-social-lab-une-teinture-pour-textile-a-base-d-epluchures-de-fruits-et-legumes<\/p>\n","protected":false},"excerpt":{"rendered":"<p>On voit de plus en plus de collections de v\u00eatements qui utilisent des textiles bio mais on parle beaucoup moins souvent des colorants utilis\u00e9s pour les teindre qui sont eux [&hellip;]<\/p>\n","protected":false},"author":91,"featured_media":2164,"comment_status":"open","ping_status":"open","sticky":false,"template":"","format":"standard","meta":{"footnotes":""},"categories":[20],"tags":[51],"class_list":["post-2163","post","type-post","status-publish","format-standard","has-post-thumbnail","hentry","category-persomag","tag-couleurs"],"translation":{"provider":"WPGlobus","version":"3.0.2","language":"en","enabled_languages":["fr","en"],"languages":{"fr":{"title":true,"content":true,"excerpt":false},"en":{"title":false,"content":false,"excerpt":false}}},"aioseo_notices":[],"_links":{"self":[{"href":"https:\/\/persoclo.fr\/en\/wp-json\/wp\/v2\/posts\/2163","targetHints":{"allow":["GET"]}}],"collection":[{"href":"https:\/\/persoclo.fr\/en\/wp-json\/wp\/v2\/posts"}],"about":[{"href":"https:\/\/persoclo.fr\/en\/wp-json\/wp\/v2\/types\/post"}],"author":[{"embeddable":true,"href":"https:\/\/persoclo.fr\/en\/wp-json\/wp\/v2\/users\/91"}],"replies":[{"embeddable":true,"href":"https:\/\/persoclo.fr\/en\/wp-json\/wp\/v2\/comments?post=2163"}],"version-history":[{"count":1,"href":"https:\/\/persoclo.fr\/en\/wp-json\/wp\/v2\/posts\/2163\/revisions"}],"predecessor-version":[{"id":2168,"href":"https:\/\/persoclo.fr\/en\/wp-json\/wp\/v2\/posts\/2163\/revisions\/2168"}],"wp:featuredmedia":[{"embeddable":true,"href":"https:\/\/persoclo.fr\/en\/wp-json\/wp\/v2\/media\/2164"}],"wp:attachment":[{"href":"https:\/\/persoclo.fr\/en\/wp-json\/wp\/v2\/media?parent=2163"}],"wp:term":[{"taxonomy":"category","embeddable":true,"href":"https:\/\/persoclo.fr\/en\/wp-json\/wp\/v2\/categories?post=2163"},{"taxonomy":"post_tag","embeddable":true,"href":"https:\/\/persoclo.fr\/en\/wp-json\/wp\/v2\/tags?post=2163"}],"curies":[{"name":"wp","href":"https:\/\/api.w.org\/{rel}","templated":true}]}}