{"id":2143,"date":"2016-05-18T11:33:23","date_gmt":"2016-05-18T10:33:23","guid":{"rendered":"http:\/\/persoclo.fr\/?p=2143"},"modified":"2016-05-18T11:33:40","modified_gmt":"2016-05-18T10:33:40","slug":"les-chiffres-effarants-du-gaspillage-textile-en-france","status":"publish","type":"post","link":"https:\/\/persoclo.fr\/en\/les-chiffres-effarants-du-gaspillage-textile-en-france\/","title":{"rendered":"Les chiffres (effarants) du gaspillage textile en France"},"content":{"rendered":"<h2 class=\"chapo\">La France recycle encore une faible part de ses v\u00eatements alors que l\u2019enjeu est de taille.<\/h2>\n<div>\n<p style=\"text-align: justify;\">A force de campagnes de sensibilisation et d\u2019efforts de p\u00e9dagogie, notamment dans les \u00e9missions t\u00e9l\u00e9vis\u00e9es sur la cuisine, les Fran\u00e7ais ont pris conscience du gaspillage alimentaire. Le gaspillage textile est en revanche encore m\u00e9connu, alors que les enjeux sont tout aussi importants. France 5 a donc d\u00e9cid\u00e9 de se pencher sur la question et diffuse dimanche \u00e0 20h40 un documentaire intitul\u00e9\u00a0<a class=\"link\" href=\"http:\/\/www.france5.fr\/emission\/vetements-nen-jetez-plus\" target=\"_blank\"><i>V\u00eatements, n\u2019en jetez plus\u00a0!<\/i><\/a><\/p>\n<p style=\"text-align: justify;\">Europe 1 l&#8217;a visionn\u00e9 en avant-premi\u00e8re et en a tir\u00e9 plusieurs chiffres \u00e9difiants.<\/p>\n<p style=\"text-align: justify;\"><b>30 kg d\u2019habits achet\u00e9s chaque ann\u00e9e.<\/b> Un chiffre permet de prendre la mesure du probl\u00e8me\u00a0: une femme ach\u00e8te en moyenne 30 kg de textile par an, d\u2019apr\u00e8s le documentaire V\u00eatements, n\u2019en jetez plus\u00a0! Vous trouvez que cela fait beaucoup\u00a0? C\u2019est pourtant dans la moyenne des pays europ\u00e9ens les plus riches, \u00e0 l&#8217;image du Royaume-Uni, o\u00f9 chaque personne ach\u00e8te en moyenne 20 kilos de v\u00eatements par an, tous sexes confondus.<\/p>\n<p style=\"text-align: justify;\"><b>Moins d\u2019un quart de nos v\u00eatements sont recycl\u00e9s.<\/b>\u00a0A l\u2019\u00e9chelle du pays, les Fran\u00e7ais ach\u00e8tent environ 700.000 tonnes de textile, qu\u2019il s\u2019agisse de v\u00eatements, de linge ou de chaussures. Mais en fin de cha\u00eene,moins d\u2019un quart de ces achats se retrouvent dans les fili\u00e8res de recyclage\u00a0: les associations de collecte de v\u00eatements traitent en moyenne 160.000 tonnes par an. Pour revenir \u00e0 l\u2019\u00e9chelle individuelle, la France recycle seulement 2,5 kilos de textile par an et par personne, c\u2019est-\u00e0-dire deux fois moins que les Allemands.<\/p>\n<p style=\"text-align: justify;\"><b>114 euros d\u2019habits jamais port\u00e9s dans chaque logement.<\/b> La France a donc des progr\u00e8s \u00e0 faire en termes de recyclage mais aussi de comportement. Nous achetons bien plus d\u2019habits qu\u2019auparavant, notamment \u00e0 cause des magasins ayant g\u00e9n\u00e9ralis\u00e9 les petits prix et la fast fashion, \u00e0 l\u2019image de H&amp;M, Zara ou encore Primark. Sauf que ces achats ne sont pas toujours utiles\u00a0: on estime que chaque logement renferme l\u2019\u00e9quivalent de 114 euros de v\u00eatements qui ne sont jamais port\u00e9s. Ce que confirme un autre chiffre avanc\u00e9 par le site sp\u00e9cialis\u00e9 Planetoscope\u00a0: 60% des Fran\u00e7ais ont des v\u00eatements qu\u2019ils ne portent jamais.<\/p>\n<p style=\"text-align: justify;\"><b>442 millions d\u2019euros jet\u00e9s chaque ann\u00e9e.<\/b> La France a donc de la marge pour arriver \u00e0 une utilisation plus efficiente de ses habits, d\u2019autant que ces v\u00eatements jet\u00e9s repr\u00e9sentent une mine d\u2019or\u00a0: l\u2019\u00e9quivalent de 442 millions d&#8217;euros. Certaines entreprises l\u2019ont bien compris et ont investi le secteur du recyclage des v\u00eatements, souvent en coordination avec le monde associatif.<\/p>\n<\/div>\n<p style=\"text-align: justify;\">Par <span data-rel=\"author\">Gabriel Vedrenne<\/span><\/p>\n<p>16h34, le 06 mai 2016, modifi\u00e9 \u00e0 14h33, le 07 mai 2016<\/p>\n<p>http:\/\/www.europe1.fr\/economie\/les-chiffres-du-gaspillage-textile-2738608<\/p>\n","protected":false},"excerpt":{"rendered":"<p>La France recycle encore une faible part de ses v\u00eatements alors que l\u2019enjeu est de taille. A force de campagnes de sensibilisation et d\u2019efforts de p\u00e9dagogie, notamment dans les \u00e9missions [&hellip;]<\/p>\n","protected":false},"author":91,"featured_media":2144,"comment_status":"open","ping_status":"open","sticky":false,"template":"","format":"standard","meta":{"footnotes":""},"categories":[20],"tags":[132,213,190],"class_list":["post-2143","post","type-post","status-publish","format-standard","has-post-thumbnail","hentry","category-persomag","tag-environnement","tag-gaspillage","tag-h-m"],"translation":{"provider":"WPGlobus","version":"3.0.2","language":"en","enabled_languages":["fr","en"],"languages":{"fr":{"title":true,"content":true,"excerpt":false},"en":{"title":false,"content":false,"excerpt":false}}},"aioseo_notices":[],"_links":{"self":[{"href":"https:\/\/persoclo.fr\/en\/wp-json\/wp\/v2\/posts\/2143","targetHints":{"allow":["GET"]}}],"collection":[{"href":"https:\/\/persoclo.fr\/en\/wp-json\/wp\/v2\/posts"}],"about":[{"href":"https:\/\/persoclo.fr\/en\/wp-json\/wp\/v2\/types\/post"}],"author":[{"embeddable":true,"href":"https:\/\/persoclo.fr\/en\/wp-json\/wp\/v2\/users\/91"}],"replies":[{"embeddable":true,"href":"https:\/\/persoclo.fr\/en\/wp-json\/wp\/v2\/comments?post=2143"}],"version-history":[{"count":2,"href":"https:\/\/persoclo.fr\/en\/wp-json\/wp\/v2\/posts\/2143\/revisions"}],"predecessor-version":[{"id":2146,"href":"https:\/\/persoclo.fr\/en\/wp-json\/wp\/v2\/posts\/2143\/revisions\/2146"}],"wp:featuredmedia":[{"embeddable":true,"href":"https:\/\/persoclo.fr\/en\/wp-json\/wp\/v2\/media\/2144"}],"wp:attachment":[{"href":"https:\/\/persoclo.fr\/en\/wp-json\/wp\/v2\/media?parent=2143"}],"wp:term":[{"taxonomy":"category","embeddable":true,"href":"https:\/\/persoclo.fr\/en\/wp-json\/wp\/v2\/categories?post=2143"},{"taxonomy":"post_tag","embeddable":true,"href":"https:\/\/persoclo.fr\/en\/wp-json\/wp\/v2\/tags?post=2143"}],"curies":[{"name":"wp","href":"https:\/\/api.w.org\/{rel}","templated":true}]}}