{"id":2138,"date":"2016-05-09T00:45:28","date_gmt":"2016-05-08T23:45:28","guid":{"rendered":"http:\/\/persoclo.fr\/?p=2138"},"modified":"2016-05-09T00:45:28","modified_gmt":"2016-05-08T23:45:28","slug":"le-textile-francais-reprend-des-couleurs","status":"publish","type":"post","link":"https:\/\/persoclo.fr\/en\/le-textile-francais-reprend-des-couleurs\/","title":{"rendered":"Le textile fran\u00e7ais reprend des couleurs"},"content":{"rendered":"<p style=\"text-align: justify;\">Malgr\u00e9 les d\u00e9localisations de ces vingt derni\u00e8res ann\u00e9es, l\u2019industrie textile fran\u00e7aise est loin d\u2019avoir disparu du territoire fran\u00e7ais. Des entreprises vieilles de plusieurs d\u00e9\u00adcennies continuent \u00e0 fabriquer dans l\u2019Hexagone, tandis que des start-up se lancent chaque ann\u00e9e dans le domaine du textile. Leur secret pour se maintenir \u00e0 flot\u200a? L\u2019innovation.<\/p>\n<p style=\"text-align: justify;\">Cr\u00e9\u00e9 il y a plus d\u2019un demi-si\u00e8cle dans le nord de la France, pr\u00e8s de Lille, le fabricant de sous-v\u00eatements 100\u00a0% fran\u00e7ais, Lemahieu, tient bon la barre. <em>\u00ab\u200aPour maintenir notre activit\u00e9, nous avons beaucoup travaill\u00e9 sur les march\u00e9s de niche\u200a\u00bb<\/em>, explique Edith Lemahieu, la fille du fondateur \u00e0 qui elle a succ\u00e9d\u00e9 \u00e0 la t\u00eate de la bonneterie. Pour renouveler son offre, l\u2019entreprise familiale a mis\u00e9 sur des \u00ab\u200acosm\u00e9totextiles\u200a\u00bb. Exit les culottes de grand-m\u00e8re, place \u00e0 des sous-v\u00eatements combinant confort et technicit\u00e9.<\/p>\n<p style=\"text-align: justify;\">Parmi les produits-phares du fabricant, le \u00ab\u200apyjama apaisant\u200a\u00bb, qui lib\u00e8re des huiles essentielles gr\u00e2ce \u00e0 des microcapsules greff\u00e9es au v\u00eatement. Ou encore le \u00ab\u200aslip qui sent bon\u200a\u00bb, lanc\u00e9 en\u00a02013 en partenariat avec Le Slip fran\u00e7ais. Surprise\u200a: derri\u00e8re le trublion du sous-v\u00eatement made in France se cache l\u2019anc\u00eatre Lemahieu. <em>\u00ab\u200aNous produisons 80\u00a0% \u00e0 90\u00a0% de leurs sous-v\u00eatements\u200a\u00bb, <\/em>d\u00e9voile M<sup>me<\/sup>\u00a0Lemahieu. De la confection aux finitions, tout est r\u00e9alis\u00e9 sur place par la centaine d\u2019ouvri\u00e8res qui travaillent \u00e0 l\u2019usine.<\/p>\n<p style=\"text-align: justify;\">Une hausse de la production de 2 %\u00ab\u200aNous pouvons encore nous permettre de fabriquer en France, car la confection de nos produits reste assez avanc\u00e9e.<\/p>\n<p class=\"bloc_signature\"><span class=\"signature_article\">Par <span class=\"auteur txt2_120\">Catherine Quignon<\/span><\/span><\/p>\n<div class=\"toolbar\">\u00a002.05.2016 \u00e0 10h10<\/div>\n<p style=\"text-align: justify;\">http:\/\/www.lemonde.fr\/economie\/article\/2016\/05\/02\/le-textile-francais-reprend-des-couleurs_4911892_3234.html#xQDPSIuVjcWHku2o.99<\/p>\n","protected":false},"excerpt":{"rendered":"<p>Malgr\u00e9 les d\u00e9localisations de ces vingt derni\u00e8res ann\u00e9es, l\u2019industrie textile fran\u00e7aise est loin d\u2019avoir disparu du territoire fran\u00e7ais. Des entreprises vieilles de plusieurs d\u00e9\u00adcennies continuent \u00e0 fabriquer dans l\u2019Hexagone, tandis [&hellip;]<\/p>\n","protected":false},"author":91,"featured_media":2139,"comment_status":"open","ping_status":"open","sticky":false,"template":"","format":"standard","meta":{"footnotes":""},"categories":[20],"tags":[211,203],"class_list":["post-2138","post","type-post","status-publish","format-standard","has-post-thumbnail","hentry","category-persomag","tag-le-mahieu","tag-made-in-france"],"translation":{"provider":"WPGlobus","version":"3.0.2","language":"en","enabled_languages":["fr","en"],"languages":{"fr":{"title":true,"content":true,"excerpt":false},"en":{"title":false,"content":false,"excerpt":false}}},"aioseo_notices":[],"_links":{"self":[{"href":"https:\/\/persoclo.fr\/en\/wp-json\/wp\/v2\/posts\/2138","targetHints":{"allow":["GET"]}}],"collection":[{"href":"https:\/\/persoclo.fr\/en\/wp-json\/wp\/v2\/posts"}],"about":[{"href":"https:\/\/persoclo.fr\/en\/wp-json\/wp\/v2\/types\/post"}],"author":[{"embeddable":true,"href":"https:\/\/persoclo.fr\/en\/wp-json\/wp\/v2\/users\/91"}],"replies":[{"embeddable":true,"href":"https:\/\/persoclo.fr\/en\/wp-json\/wp\/v2\/comments?post=2138"}],"version-history":[{"count":1,"href":"https:\/\/persoclo.fr\/en\/wp-json\/wp\/v2\/posts\/2138\/revisions"}],"predecessor-version":[{"id":2140,"href":"https:\/\/persoclo.fr\/en\/wp-json\/wp\/v2\/posts\/2138\/revisions\/2140"}],"wp:featuredmedia":[{"embeddable":true,"href":"https:\/\/persoclo.fr\/en\/wp-json\/wp\/v2\/media\/2139"}],"wp:attachment":[{"href":"https:\/\/persoclo.fr\/en\/wp-json\/wp\/v2\/media?parent=2138"}],"wp:term":[{"taxonomy":"category","embeddable":true,"href":"https:\/\/persoclo.fr\/en\/wp-json\/wp\/v2\/categories?post=2138"},{"taxonomy":"post_tag","embeddable":true,"href":"https:\/\/persoclo.fr\/en\/wp-json\/wp\/v2\/tags?post=2138"}],"curies":[{"name":"wp","href":"https:\/\/api.w.org\/{rel}","templated":true}]}}