{"id":2112,"date":"2016-05-02T17:55:06","date_gmt":"2016-05-02T16:55:06","guid":{"rendered":"http:\/\/persoclo.fr\/?p=2112"},"modified":"2016-05-02T17:55:06","modified_gmt":"2016-05-02T16:55:06","slug":"kiplay-lentreprise-textile-qui-relocalise-en-france","status":"publish","type":"post","link":"https:\/\/persoclo.fr\/en\/kiplay-lentreprise-textile-qui-relocalise-en-france\/","title":{"rendered":"Kiplay, l\u2019entreprise textile qui relocalise en France"},"content":{"rendered":"<p style=\"text-align: justify;\">Marc Pradal a ind\u00e9niablement la fibre familiale. Kiplay, l\u2019entreprise de textile dont il est le PDG, a \u00e9t\u00e9 cr\u00e9\u00e9e en\u200a1921 en Normandie par son grand-p\u00e8re. Elle fabriquait alors des v\u00eatements de travail et des v\u00eatements de chasse. Aujour\u00add\u2019hui encore, l\u2019habillement professionnel reste le c\u0153ur de l\u2019activit\u00e9 de Kiplay, qui fournit des tenues techniques, de protection ou de s\u00e9curit\u00e9 \u00e0 des entreprises telles que Colas, Orange, Spie Batignolles ou la Ville de Paris.<\/p>\n<p style=\"text-align: justify;\">Mais les vicissitudes de la mondialisation et la crise de l\u2019industrie textile n\u2019ont pas \u00e9pargn\u00e9 la PME de Saint-Pierre-d\u2019Entremont (Orne). <em>\u00ab\u200aDurant les ann\u00e9es 1990, nous avons \u00e9t\u00e9 contraints de d\u00e9localiser notre production vers la Tunisie, le Maroc ou en Asie\u200a\u00bb<\/em>, regrette Marc Pradal. Les effectifs de Kiplay en France ont \u00e9t\u00e9 divis\u00e9s par deux entre les ann\u00e9es 1990 et les ann\u00e9es 2000, passant de 150 \u00e0 75 salari\u00e9s. <em>\u00ab\u200aNous avons toujours voulu garder un bureau d\u2019\u00e9tudes et un petit atelier en France pour conserver le savoir-faire\u200a\u00bb, <\/em>explique le PDG.<\/p>\n<p style=\"text-align: justify;\">Mais l\u2019homme, passionn\u00e9 par tout ce qui touche au textile et aux comp\u00e9tences techniques, ne se r\u00e9sout pas \u00e0 voir ainsi dispa\u00adra\u00eetre la production fran\u00e7aise. <em>\u00ab\u200aEn\u200a2014, je me suis donn\u00e9 pour objectif de re-produire en France\u200a\u00bb<\/em>, raconte-t-il. C\u2019est un jeune hom\u00adme, Olivier Le Bas, \u00e9tudiant en management \u00e0 Caen et d\u00e9cid\u00e9 \u00e0 cr\u00e9er une ligne de jeans fabriqu\u00e9s dans le bocage normand, qui lui donne&#8230;<\/p>\n<p style=\"text-align: justify;\">\n<p><span id=\"publisher\" data-source=\"LE MONDE ECONOMIE\">LE MONDE ECONOMIE<\/span> | <time datetime=\"2016-05-02T10:09:47+02:00\">02.05.2016 \u00e0 10h09<\/time> | <span class=\"signature_article\">Par <span class=\"auteur txt2_120\">B\u00e9atrice Madeline<\/span><\/span><\/p>\n<p>http:\/\/www.lemonde.fr\/economie\/article\/2016\/05\/02\/kiplay-l-entreprise-textile-qui-relocalise-en-france_4911887_3234.html#ydUCJKt5YQHecERb.99<\/p>\n","protected":false},"excerpt":{"rendered":"<p>Marc Pradal a ind\u00e9niablement la fibre familiale. Kiplay, l\u2019entreprise de textile dont il est le PDG, a \u00e9t\u00e9 cr\u00e9\u00e9e en\u200a1921 en Normandie par son grand-p\u00e8re. Elle fabriquait alors des v\u00eatements [&hellip;]<\/p>\n","protected":false},"author":91,"featured_media":2113,"comment_status":"open","ping_status":"open","sticky":false,"template":"","format":"standard","meta":{"footnotes":""},"categories":[20],"tags":[210],"class_list":["post-2112","post","type-post","status-publish","format-standard","has-post-thumbnail","hentry","category-persomag","tag-kiplay"],"translation":{"provider":"WPGlobus","version":"3.0.2","language":"en","enabled_languages":["fr","en"],"languages":{"fr":{"title":true,"content":true,"excerpt":false},"en":{"title":false,"content":false,"excerpt":false}}},"aioseo_notices":[],"_links":{"self":[{"href":"https:\/\/persoclo.fr\/en\/wp-json\/wp\/v2\/posts\/2112","targetHints":{"allow":["GET"]}}],"collection":[{"href":"https:\/\/persoclo.fr\/en\/wp-json\/wp\/v2\/posts"}],"about":[{"href":"https:\/\/persoclo.fr\/en\/wp-json\/wp\/v2\/types\/post"}],"author":[{"embeddable":true,"href":"https:\/\/persoclo.fr\/en\/wp-json\/wp\/v2\/users\/91"}],"replies":[{"embeddable":true,"href":"https:\/\/persoclo.fr\/en\/wp-json\/wp\/v2\/comments?post=2112"}],"version-history":[{"count":1,"href":"https:\/\/persoclo.fr\/en\/wp-json\/wp\/v2\/posts\/2112\/revisions"}],"predecessor-version":[{"id":2114,"href":"https:\/\/persoclo.fr\/en\/wp-json\/wp\/v2\/posts\/2112\/revisions\/2114"}],"wp:featuredmedia":[{"embeddable":true,"href":"https:\/\/persoclo.fr\/en\/wp-json\/wp\/v2\/media\/2113"}],"wp:attachment":[{"href":"https:\/\/persoclo.fr\/en\/wp-json\/wp\/v2\/media?parent=2112"}],"wp:term":[{"taxonomy":"category","embeddable":true,"href":"https:\/\/persoclo.fr\/en\/wp-json\/wp\/v2\/categories?post=2112"},{"taxonomy":"post_tag","embeddable":true,"href":"https:\/\/persoclo.fr\/en\/wp-json\/wp\/v2\/tags?post=2112"}],"curies":[{"name":"wp","href":"https:\/\/api.w.org\/{rel}","templated":true}]}}