{"id":2073,"date":"2016-04-08T21:12:45","date_gmt":"2016-04-08T20:12:45","guid":{"rendered":"http:\/\/persoclo.fr\/?p=2073"},"modified":"2016-04-08T21:13:53","modified_gmt":"2016-04-08T20:13:53","slug":"fauteuils-roulants-made-in-france","status":"publish","type":"post","link":"https:\/\/persoclo.fr\/en\/fauteuils-roulants-made-in-france\/","title":{"rendered":"Des fauteuils roulants made in France et personnalisables"},"content":{"rendered":"<p style=\"text-align: justify;\">\u00c9douard Detrez, 24 ans, souffrant d\u2019une infirmit\u00e9 motrice c\u00e9r\u00e9brale, a cr\u00e9\u00e9 la soci\u00e9t\u00e9 le Fauteuil Roulant Fran\u00e7ais (FRF). Son objectif ? Proposer des fauteuils made in France, l\u00e9gers et \u00e9l\u00e9gants \u00e0 personnaliser.<\/p>\n<p style=\"text-align: justify;\">\u00ab Dessin\u00e9s et con\u00e7us par des ing\u00e9nieurs ergonomes sp\u00e9cialis\u00e9s dans le cycle, ces fauteuils proposent une nouvelle philosophie du d\u00e9placement. \u00bb<\/p>\n<p style=\"text-align: justify;\"><strong><em>Faire Face : En ao\u00fbt 2015, vous avez cr\u00e9\u00e9 votre entreprise. Avec quels objectifs ?<\/em><\/strong><\/p>\n<p style=\"text-align: justify;\">\u00c9douard Detrez : Cr\u00e9er, d\u00e9velopper et vendre des fauteuils roulants actifs et sportifs fabriqu\u00e9s en France. Voici deux ans, en voulant changer le mien, j\u2019ai constat\u00e9 qu\u2019il n\u2019existait pas de fabricant sur le territoire. D\u2019o\u00f9 mon id\u00e9e d\u2019offrir une alternative fran\u00e7aise pour que les diff\u00e9rentes aides octroy\u00e9es par la collectivit\u00e9 pour le financement des fauteuils roulants (Assurance maladie, Maison d\u00e9partementale des personnes handicap\u00e9es\u2026) restent en France et contribuent au d\u00e9veloppement \u00e9conomique du territoire. L\u2019entreprise, install\u00e9e dans le Gers, travaille avec des fabricants situ\u00e9s dans le grand sud-ouest.<br \/>\nDessin\u00e9s et con\u00e7us par des ing\u00e9nieurs ergonomes sp\u00e9cialis\u00e9s dans le cycle, ces fauteuils proposent une nouvelle philosophie du d\u00e9placement. Les chambres \u00e0 air sont facilement changeables, le propri\u00e9taire du fauteuil pourra les acheter chez D\u00e9cathlon avec lequel nous avons un partenariat, sans passer par un revendeur. Le Centre d\u2019\u00e9tudes et de recherche sur l\u2019appareillage des handicap\u00e9s (C\u00e9rah) a valid\u00e9 nos prototypes.<\/p>\n<p style=\"text-align: justify;\"><em><strong>FF : Comment avez-vous r\u00e9ussi \u00e0 vous lancer dans cette aventure ?<\/strong><\/em><\/p>\n<p style=\"text-align: justify;\">\u00c9.D : Gr\u00e2ce au soutien de mon entourage \u2013 je travaille avec mon p\u00e8re et mon fr\u00e8re \u2013, d\u2019amis comme Guillaume Gibault, cr\u00e9ateur de la soci\u00e9t\u00e9 Le Slip fran\u00e7ais, d\u2019entreprises de ma r\u00e9gion et l\u2019aide de plus de trois-cents contributeurs sur MyMajorCompany. Gr\u00e2ce aux 30 777 \u20ac engrang\u00e9s, j\u2019ai fait r\u00e9aliser les premiers prototypes.<\/p>\n<p style=\"text-align: justify;\">F<em><strong>F : Les enfants et les adultes pourront composer leur fauteuil \u00e0 leur image : de quelle mani\u00e8re ?<\/strong><\/em><\/p>\n<p style=\"text-align: justify;\">\u00c9.D : Nous proposons dix couleurs aux choix pour les \u00e9l\u00e9ments du fauteuil et diff\u00e9rents tissus et contrastes pour les coussins amovibles. L\u2019objectif \u00e9tant qu\u2019\u00e0 terme un acheteur puisse utiliser des coussins de deux couleurs : l\u2019un pour la ville, l\u2019autre pour les soir\u00e9es, par exemple, consid\u00e9rant ainsi son fauteuil comme un accessoire de mode, \u00e9l\u00e9gant et beau. L\u2019entreprise souhaite apporter de la fra\u00eecheur et \u00e9loigner un peu le fauteuil du monde du handicap. Nous sommes \u00e9galement tr\u00e8s attentifs \u00e0 l\u2019ergonomie : la personne qui pousse le fauteuil pourra, par exemple, r\u00e9gler la hauteur des poign\u00e9es pour prot\u00e9ger son dos.<\/p>\n<p style=\"text-align: justify;\"><strong><em>FF : Quels sont vos projets ?<\/em><\/strong><\/p>\n<p style=\"text-align: justify;\">\u00c9.D : Nous allons bient\u00f4t proposer une configuration sur notre site internet qui permettra \u00e0 l\u2019acheteur de visualiser son fauteuil et le personnaliser. Et, surtout, nous allons d\u00e9marrer les ventes chez des revendeurs de mat\u00e9riel m\u00e9dical dans un mois, gr\u00e2ce \u00e0 l\u2019homologation d\u00e9finitive et le marquage CE. Propos recueillis par Katia Rouff-Fiorenzi<\/p>\n<p style=\"text-align: justify;\">Vous pourrez retrouver \u00c9douard Detrez au Salon Autonomic de Paris les 8, 9 et 10 juin 2016.<\/p>\n<p>Publi\u00e9 le 5 avril 2016<\/p>\n<blockquote data-secret=\"Z9H9qYXtKR\" class=\"wp-embedded-content\"><p><a href=\"http:\/\/www.faire-face.fr\/2016\/04\/05\/des-fauteuils-roulants-made-in-france\/\">Des fauteuils roulants made in France<\/a><\/p><\/blockquote>\n<p><iframe loading=\"lazy\" class=\"wp-embedded-content\" sandbox=\"allow-scripts\" security=\"restricted\" style=\"position: absolute; clip: rect(1px, 1px, 1px, 1px);\" src=\"http:\/\/www.faire-face.fr\/2016\/04\/05\/des-fauteuils-roulants-made-in-france\/embed\/#?secret=Z9H9qYXtKR\" data-secret=\"Z9H9qYXtKR\" width=\"600\" height=\"338\" title=\"&laquo;&nbsp;Des fauteuils roulants made in France&nbsp;&raquo; &#8212; Faire Face - Toute l&#039;actualit\u00e9 du handicap moteur\" frameborder=\"0\" marginwidth=\"0\" marginheight=\"0\" scrolling=\"no\"><\/iframe><\/p>\n<p>&nbsp;<\/p>\n<p>&nbsp;<\/p>\n","protected":false},"excerpt":{"rendered":"<p>\u00c9douard Detrez, 24 ans, souffrant d\u2019une infirmit\u00e9 motrice c\u00e9r\u00e9brale, a cr\u00e9\u00e9 la soci\u00e9t\u00e9 le Fauteuil Roulant Fran\u00e7ais (FRF). Son objectif ? Proposer des fauteuils made in France, l\u00e9gers et \u00e9l\u00e9gants [&hellip;]<\/p>\n","protected":false},"author":91,"featured_media":2074,"comment_status":"open","ping_status":"open","sticky":false,"template":"","format":"standard","meta":{"footnotes":""},"categories":[20],"tags":[209],"class_list":["post-2073","post","type-post","status-publish","format-standard","has-post-thumbnail","hentry","category-persomag","tag-fauteuil-roulant-francais"],"translation":{"provider":"WPGlobus","version":"3.0.2","language":"en","enabled_languages":["fr","en"],"languages":{"fr":{"title":true,"content":true,"excerpt":false},"en":{"title":false,"content":false,"excerpt":false}}},"aioseo_notices":[],"_links":{"self":[{"href":"https:\/\/persoclo.fr\/en\/wp-json\/wp\/v2\/posts\/2073","targetHints":{"allow":["GET"]}}],"collection":[{"href":"https:\/\/persoclo.fr\/en\/wp-json\/wp\/v2\/posts"}],"about":[{"href":"https:\/\/persoclo.fr\/en\/wp-json\/wp\/v2\/types\/post"}],"author":[{"embeddable":true,"href":"https:\/\/persoclo.fr\/en\/wp-json\/wp\/v2\/users\/91"}],"replies":[{"embeddable":true,"href":"https:\/\/persoclo.fr\/en\/wp-json\/wp\/v2\/comments?post=2073"}],"version-history":[{"count":2,"href":"https:\/\/persoclo.fr\/en\/wp-json\/wp\/v2\/posts\/2073\/revisions"}],"predecessor-version":[{"id":2076,"href":"https:\/\/persoclo.fr\/en\/wp-json\/wp\/v2\/posts\/2073\/revisions\/2076"}],"wp:featuredmedia":[{"embeddable":true,"href":"https:\/\/persoclo.fr\/en\/wp-json\/wp\/v2\/media\/2074"}],"wp:attachment":[{"href":"https:\/\/persoclo.fr\/en\/wp-json\/wp\/v2\/media?parent=2073"}],"wp:term":[{"taxonomy":"category","embeddable":true,"href":"https:\/\/persoclo.fr\/en\/wp-json\/wp\/v2\/categories?post=2073"},{"taxonomy":"post_tag","embeddable":true,"href":"https:\/\/persoclo.fr\/en\/wp-json\/wp\/v2\/tags?post=2073"}],"curies":[{"name":"wp","href":"https:\/\/api.w.org\/{rel}","templated":true}]}}