{"id":2048,"date":"2016-03-30T16:39:00","date_gmt":"2016-03-30T15:39:00","guid":{"rendered":"http:\/\/persoclo.fr\/?p=2048"},"modified":"2016-03-30T16:39:00","modified_gmt":"2016-03-30T15:39:00","slug":"100-made-in-france-existe-t","status":"publish","type":"post","link":"https:\/\/persoclo.fr\/en\/100-made-in-france-existe-t\/","title":{"rendered":"Comprendre le Made in France"},"content":{"rendered":"<p><strong>Un emballage bleu blanc rouge, des slogans indiquant une fabrication traditionnelle sur le paquet et un prix souvent plus \u00e9lev\u00e9\u2026il ne manque plus qu\u2019une photo de coq et le tour est jou\u00e9. Mais \u00eates-vous s\u00fbr qu\u2019il s\u2019agit r\u00e9ellement d\u2019un produit made in France\u00a0?<\/strong><\/p>\n<p style=\"text-align: justify;\"><em>Origine France Garantie\u00a0: le seul label qui certifie qu\u2019au moins 50 % de la valeur ajout\u00e9e du produit a \u00e9t\u00e9 effectu\u00e9e en France.<\/em><\/p>\n<p style=\"text-align: justify;\">Le Made in France, <a href=\"http:\/\/www.france24.com\/fr\/20131109-montebourg-bataille-made-in-france-interesse-tous-francais\" rel=\"nofollow\">grand cheval de bataille d\u2019Arnaud Montebourg<\/a> est devenu un argument marketing qui fait mouche. Plus de <a href=\"http:\/\/www.opinion-way.com\/pdf\/opinionway_pour_alittlemarket_-_les_francais_et_le_made_in_france_a_noel_-_vague_2_18_octobre_2013_v2.pdf\" rel=\"nofollow\">65 % des fran\u00e7ais<\/a> seraient pr\u00eat \u00e0 favoriser le Made in France pour les f\u00eates de fin d\u2019ann\u00e9e et 32\u00a0000 visiteurs se sont press\u00e9s \u00e0 Paris lors de la deuxi\u00e8me \u00e9dition d\u2019un <a href=\"http:\/\/www.mifexpo.fr\/\" rel=\"nofollow\">salon qui lui est enti\u00e8rement d\u00e9di\u00e9<\/a>\u00a0! Un succ\u00e8s.<\/p>\n<p style=\"text-align: justify;\"><strong>Les marques ont flair\u00e9 le filon, mais jouent-elles vraiment le jeu\u00a0?<\/strong><\/p>\n<p style=\"text-align: justify;\">Pour commencer savez-vous que pour les douanes, <strong>on peut appeler un produit \u00ab\u00a0made in France\u00a0\u00bb si 45 % de sa valeur ajout\u00e9e a \u00e9t\u00e9 faite en France\u00a0?<\/strong> Ce pourcentage doit permettre d\u2019\u00e9viter que certains fabricants, peu scrupuleux, importent leur produit, ajoutent un \u00e9l\u00e9ment insignifiant et se targuent de l\u2019avoir \u00ab\u00a0fabriqu\u00e9 en France\u00a0\u00bb.<\/p>\n<p style=\"text-align: justify;\">Pour garantir encore plus de travail \u00ab\u00a0fran\u00e7ais\u00a0\u00bb, il existe le label \u00ab\u00a0<a href=\"http:\/\/www.economie.gouv.fr\/label-origine-france-garantie\" rel=\"nofollow\">Origine France Garantie\u00a0<\/a>\u00bb, avec un seuil minimum \u00e9lev\u00e9 \u00e0 50 % de la valeur ajout\u00e9e produit en France.<br \/>\nVictime de son succ\u00e8s, le label a \u00e9t\u00e9 contrefait. Alors pour ne pas se faire avoir, il faut s\u2019assurer que le produit poss\u00e8de un num\u00e9ro de certification et <a href=\"http:\/\/www.mesachatsfrancais.fr\/\" rel=\"nofollow\">v\u00e9rifier le listing en ligne<\/a>.<\/p>\n<p style=\"text-align: justify;\">Dans un autre registre il existe le label \u00ab<a href=\"http:\/\/www.patrimoine-vivant.com\/\" rel=\"nofollow\">\u00a0entreprise du patrimoine vivant\u00a0<\/a>\u00bb, qui valorise les entreprises fran\u00e7aises \u00ab\u00a0aux savoir-faire artisanaux et industriels d\u2019excellence\u00a0\u00bb. Plusieurs sites internet recensent les entreprises \u00ab\u00a0Made in France\u00a0\u00bb\u00a0: <a href=\"http:\/\/www.lafabriquehexagonale.com\/\" rel=\"nofollow\">La fabrique hexagonale<\/a>, <a href=\"http:\/\/www.100pour100-madeinfrance.fr\/blog\/\" rel=\"nofollow\">100pour100madeinfrance<\/a>, <a href=\"http:\/\/www.madine-france.com\/fr\/\" rel=\"nofollow\">Madine France<\/a>,<a href=\"http:\/\/www.hexaconso.fr\/\" rel=\"nofollow\">Hexaconso<\/a>\u00a0\u2026<\/p>\n<p style=\"text-align: justify;\"><strong>Ces marques \u00e9trang\u00e8res qui parfois cr\u00e9ent plus d&#8217;emploi<\/strong><\/p>\n<p style=\"text-align: justify;\">Vous pouvez \u00e9galement jeter un \u0153il au \u00ab\u00a0<a href=\"http:\/\/www.puitsfleuri.com\/fiche.php?id=386\" rel=\"nofollow\">Guide Made in Emploi<\/a>\u00a0\u00bb de Charles Huet. Pour lui, il n\u2019est pas question de s\u2019arr\u00eater au Made in France mais plut\u00f4t de <strong>s\u2019int\u00e9resser aux entreprises qui cr\u00e9ent de l\u2019emploi<\/strong>. Et surprise, des marques \u00e9trang\u00e8res ont parfois plus de poids que ceux qui revendiquent une \u00ab\u00a0french touch\u00a0\u00bb\u2026 Charles Huet veut aiguiller le consommateur dans ses achats du quotidien, sans \u00eatre influenc\u00e9 par le marketing car \u00ab\u00a0<a href=\"http:\/\/www.challenges.fr\/economie\/20131115.CHA7104\/la-douce-illusion-du-made-in-france.html?google_editors_picks=true\" rel=\"nofollow\">le 100% made in France n\u2019existe pas<\/a>\u00a0. Tout le monde fait appel \u00e0 des composants, des mati\u00e8res premi\u00e8res ou des outils venus du monde entier.\u00a0\u00bb Pour lui, il s\u2019agit d\u2019<strong>une expression trop vague et propice aux tromperies<\/strong>, ce qui pourrait \u00e0 terme d\u00e9courager le consommateur.<\/p>\n<p style=\"text-align: justify;\">Dernier conseil, ne vous fiez pas \u00e0 des appellations telles que \u00ab<em>\u00a0tradition fran\u00e7aise\u00a0<\/em>\u00bb, \u00ab\u00a0<em>fabrication \u00e0 la fran\u00e7aise\u00a0<\/em>\u00bb ou encore \u00ab\u00a0<em>fabrication traditionnelle<\/em>\u00a0\u00bb. Ces termes ne sont absolument pas officiels.<br \/>\nOuvrez l\u2019\u0153il\u00a0!<\/p>\n<p style=\"text-align: justify;\"><strong>Pauline Bernos<\/strong><\/p>\n<p>http:\/\/www.france5.fr\/emissions\/la-quotidienne\/a-la-une\/le-100-made-in-france-n-existe-pas_152051<\/p>\n","protected":false},"excerpt":{"rendered":"<p>Un emballage bleu blanc rouge, des slogans indiquant une fabrication traditionnelle sur le paquet et un prix souvent plus \u00e9lev\u00e9\u2026il ne manque plus qu\u2019une photo de coq et le tour [&hellip;]<\/p>\n","protected":false},"author":91,"featured_media":2049,"comment_status":"open","ping_status":"open","sticky":false,"template":"","format":"standard","meta":{"footnotes":""},"categories":[20],"tags":[203],"class_list":["post-2048","post","type-post","status-publish","format-standard","has-post-thumbnail","hentry","category-persomag","tag-made-in-france"],"translation":{"provider":"WPGlobus","version":"3.0.2","language":"en","enabled_languages":["fr","en"],"languages":{"fr":{"title":true,"content":true,"excerpt":false},"en":{"title":false,"content":false,"excerpt":false}}},"aioseo_notices":[],"_links":{"self":[{"href":"https:\/\/persoclo.fr\/en\/wp-json\/wp\/v2\/posts\/2048","targetHints":{"allow":["GET"]}}],"collection":[{"href":"https:\/\/persoclo.fr\/en\/wp-json\/wp\/v2\/posts"}],"about":[{"href":"https:\/\/persoclo.fr\/en\/wp-json\/wp\/v2\/types\/post"}],"author":[{"embeddable":true,"href":"https:\/\/persoclo.fr\/en\/wp-json\/wp\/v2\/users\/91"}],"replies":[{"embeddable":true,"href":"https:\/\/persoclo.fr\/en\/wp-json\/wp\/v2\/comments?post=2048"}],"version-history":[{"count":1,"href":"https:\/\/persoclo.fr\/en\/wp-json\/wp\/v2\/posts\/2048\/revisions"}],"predecessor-version":[{"id":2050,"href":"https:\/\/persoclo.fr\/en\/wp-json\/wp\/v2\/posts\/2048\/revisions\/2050"}],"wp:featuredmedia":[{"embeddable":true,"href":"https:\/\/persoclo.fr\/en\/wp-json\/wp\/v2\/media\/2049"}],"wp:attachment":[{"href":"https:\/\/persoclo.fr\/en\/wp-json\/wp\/v2\/media?parent=2048"}],"wp:term":[{"taxonomy":"category","embeddable":true,"href":"https:\/\/persoclo.fr\/en\/wp-json\/wp\/v2\/categories?post=2048"},{"taxonomy":"post_tag","embeddable":true,"href":"https:\/\/persoclo.fr\/en\/wp-json\/wp\/v2\/tags?post=2048"}],"curies":[{"name":"wp","href":"https:\/\/api.w.org\/{rel}","templated":true}]}}