{"id":2044,"date":"2016-03-30T16:17:14","date_gmt":"2016-03-30T15:17:14","guid":{"rendered":"http:\/\/persoclo.fr\/?p=2044"},"modified":"2016-03-30T16:29:01","modified_gmt":"2016-03-30T15:29:01","slug":"succes-entreprises-familiales-colere-exploites","status":"publish","type":"post","link":"https:\/\/persoclo.fr\/en\/succes-entreprises-familiales-colere-exploites\/","title":{"rendered":"Succ\u00e8s des entreprises familiales \/ Col\u00e8re des exploit\u00e9s"},"content":{"rendered":"<p style=\"text-align: justify;\">Face \u00e0 la concurrence asiatique et les d\u00e9localisations, le secteur fran\u00e7ais du textile a souffert ces trente derni\u00e8res ann\u00e9es. Dans les Vosges (88), une entreprise familiale sp\u00e9cialis\u00e9e dans la fabrication de linges de maison haut de gamme d\u00e9joue les pronostics. A sa t\u00eate, Jean-Fran\u00e7ois Birac, qui repr\u00e9sente fi\u00e8rement la cinqui\u00e8me g\u00e9n\u00e9ration \u00e0 prendre en mains la soci\u00e9t\u00e9. Ici, les machines d\u2019\u00e9poque et la technologie moderne s\u2019allient pour perp\u00e9tuer un savoir-faire qui a permis, en 15 ans, de faire tripler le nombre d\u2019employ\u00e9s.<\/p>\n<p style=\"text-align: justify;\">\u00a0<a href=\"http:\/\/www.wat.tv\/embedframe\/255999chuPP3r12977686\">TV<\/a><\/p>\n<p><iframe loading=\"lazy\" width=\"900\" height=\"506\" src=\"https:\/\/www.youtube.com\/embed\/Fxo66Q7rSMM?feature=oembed\" frameborder=\"0\" allowfullscreen><\/iframe><\/p>\n<p>&nbsp;<\/p>\n","protected":false},"excerpt":{"rendered":"<p>Face \u00e0 la concurrence asiatique et les d\u00e9localisations, le secteur fran\u00e7ais du textile a souffert ces trente derni\u00e8res ann\u00e9es. Dans les Vosges (88), une entreprise familiale sp\u00e9cialis\u00e9e dans la fabrication [&hellip;]<\/p>\n","protected":false},"author":91,"featured_media":2046,"comment_status":"open","ping_status":"open","sticky":false,"template":"","format":"standard","meta":{"footnotes":""},"categories":[20],"tags":[204,203],"class_list":["post-2044","post","type-post","status-publish","format-standard","has-post-thumbnail","hentry","category-persomag","tag-esclavage-moderne","tag-made-in-france"],"translation":{"provider":"WPGlobus","version":"3.0.2","language":"en","enabled_languages":["fr","en"],"languages":{"fr":{"title":true,"content":true,"excerpt":false},"en":{"title":false,"content":false,"excerpt":false}}},"aioseo_notices":[],"_links":{"self":[{"href":"https:\/\/persoclo.fr\/en\/wp-json\/wp\/v2\/posts\/2044","targetHints":{"allow":["GET"]}}],"collection":[{"href":"https:\/\/persoclo.fr\/en\/wp-json\/wp\/v2\/posts"}],"about":[{"href":"https:\/\/persoclo.fr\/en\/wp-json\/wp\/v2\/types\/post"}],"author":[{"embeddable":true,"href":"https:\/\/persoclo.fr\/en\/wp-json\/wp\/v2\/users\/91"}],"replies":[{"embeddable":true,"href":"https:\/\/persoclo.fr\/en\/wp-json\/wp\/v2\/comments?post=2044"}],"version-history":[{"count":1,"href":"https:\/\/persoclo.fr\/en\/wp-json\/wp\/v2\/posts\/2044\/revisions"}],"predecessor-version":[{"id":2047,"href":"https:\/\/persoclo.fr\/en\/wp-json\/wp\/v2\/posts\/2044\/revisions\/2047"}],"wp:featuredmedia":[{"embeddable":true,"href":"https:\/\/persoclo.fr\/en\/wp-json\/wp\/v2\/media\/2046"}],"wp:attachment":[{"href":"https:\/\/persoclo.fr\/en\/wp-json\/wp\/v2\/media?parent=2044"}],"wp:term":[{"taxonomy":"category","embeddable":true,"href":"https:\/\/persoclo.fr\/en\/wp-json\/wp\/v2\/categories?post=2044"},{"taxonomy":"post_tag","embeddable":true,"href":"https:\/\/persoclo.fr\/en\/wp-json\/wp\/v2\/tags?post=2044"}],"curies":[{"name":"wp","href":"https:\/\/api.w.org\/{rel}","templated":true}]}}