{"id":2027,"date":"2016-03-25T15:13:53","date_gmt":"2016-03-25T14:13:53","guid":{"rendered":"http:\/\/persoclo.fr\/?p=2027"},"modified":"2016-05-06T21:47:18","modified_gmt":"2016-05-06T20:47:18","slug":"coup-de-coeur-persoclo-graines-dhorizons-ligne-eco-responsable-de-vetements-modulables","status":"publish","type":"post","link":"https:\/\/persoclo.fr\/en\/coup-de-coeur-persoclo-graines-dhorizons-ligne-eco-responsable-de-vetements-modulables\/","title":{"rendered":"Coup de c\u0153ur PersoClo : Graines d&#8217;Horizons &#8211; Ligne \u00e9co-responsable de v\u00eatements modulables"},"content":{"rendered":"<p style=\"text-align: justify;\">PersoTeam vous pr\u00e9sente\u00a0Graines d&#8217;Horizons, ligne \u00e9co-responsable de v\u00eatements modulables. fond\u00e9e par\u00a0Claire Buonavista\u00a0laur\u00e9ate du Prix Audace 2015 de la r\u00e9gion Sud-Est.<\/p>\n<p>Graines d\u2019Horizons, propose une approche \u00e9co-inventive de la garde-robe avec des robes modulables issues du savoir-faire fran\u00e7ais. Les robes, r\u00e9alis\u00e9es \u00e0 partir de fil issu de bouteilles recycl\u00e9es, consistent en deux modules que l\u2019on assemble gr\u00e2ce \u00e0 une fermeture \u00e0 glissi\u00e8re (une couture amovible). Pour r\u00e9aliser ses pi\u00e8ces, Claire Buonavista travaille avec des acteurs locaux (ateliers de confection, emballage, etc.) avec comme objectif la pr\u00e9servation de la nature et la r\u00e9duction de l\u2019empreinte carbone.<\/p>\n<h3 style=\"text-align: justify;\"><strong><span style=\"text-decoration: underline;\"><span style=\"color: #3366ff; text-decoration: underline;\">Le concept<\/span><\/span><\/strong><span style=\"color: #3366ff;\"> :<\/span><\/h3>\n<p style=\"text-align: justify;\"><img loading=\"lazy\" decoding=\"async\" class=\"aligncenter size-full wp-image-2036\" src=\"http:\/\/persoclo.fr\/wp-content\/uploads\/2016\/03\/Graines-dhorizons.png\" alt=\"Graines d'horizons\" width=\"1332\" height=\"438\" srcset=\"https:\/\/persoclo.fr\/wp-content\/uploads\/2016\/03\/Graines-dhorizons.png 1332w, https:\/\/persoclo.fr\/wp-content\/uploads\/2016\/03\/Graines-dhorizons-600x197.png 600w, https:\/\/persoclo.fr\/wp-content\/uploads\/2016\/03\/Graines-dhorizons-300x99.png 300w, https:\/\/persoclo.fr\/wp-content\/uploads\/2016\/03\/Graines-dhorizons-768x253.png 768w, https:\/\/persoclo.fr\/wp-content\/uploads\/2016\/03\/Graines-dhorizons-1024x337.png 1024w\" sizes=\"auto, (max-width: 1332px) 100vw, 1332px\" \/><\/p>\n<h3><span style=\"text-decoration: underline;\"><span style=\"color: #3366ff; text-decoration: underline;\">Cr\u00e9ation<\/span><\/span> :<\/h3>\n<p>C\u2019est<strong>\u00a0\u00e0 Marseille<\/strong>\u00a0que les\u00a0robes sont cr\u00e9\u00e9es, au sein d\u2019un bureau d\u2019\u00e9tude. Du dessin aux prototypes, les\u00a0robes sont dessin\u00e9es en interne et r\u00e9alis\u00e9es par des mod\u00e9listes et des m\u00e9caniciennes expertes dans le travail de couture.<\/p>\n<h3><span style=\"text-decoration: underline;\"><span style=\"color: #3366ff; text-decoration: underline;\">Tissage<\/span><\/span> :<\/h3>\n<p style=\"text-align: justify;\">C\u2019est au coeur la r\u00e9gion lyonnaise, berceau textile historique fran\u00e7ais, que les tissus principaux des robes sont s\u00e9lectionn\u00e9s, aupr\u00e8s de tisseurs qui ont re\u00e7u les labels:\u00a0<b>\u00ab Entreprise du Patrimoine Vivant\u00a0\u00bb<\/b>, ou encore\u00a0<b>\u00ab\u00a0Oeko-Tex\u00ae<\/b>\u00a0<b>\u00bb<\/b>. Seules les doublures proviennent du Nord de l\u2019Italie, et sont \u00e9galement certifi\u00e9es\u00a0<b>\u00ab\u00a0Oeko-Tex\u00ae<\/b>\u00a0<b>\u00bb<\/b>.<b>\u00a0<\/b><\/p>\n<h3><span style=\"text-decoration: underline;\"><span style=\"color: #3366ff; text-decoration: underline;\">Confection<\/span><\/span> :<\/h3>\n<p style=\"text-align: justify;\">Tout comme la cr\u00e9ation et le mod\u00e9lisme, c\u2019est \u00e0 <strong>Marseille<\/strong>\u00a0que les robes modulables sont confectionn\u00e9es, au sein d\u2019un atelier de couture qui compte\u00a0pr\u00e8s d\u2019une quarantaine d\u2019experts.\u00a0La confection est couverte de la coupe des mati\u00e8res \u00e0 la couture, sur la base des patrons et prototypes d\u00e9velopp\u00e9s par le bureau d\u2019\u00e9tude. Les\u00a0robes modulables sont donc gorg\u00e9es du soleil de la M\u00e9diterran\u00e9e, et de la passion de ceux qui les confectionnent!<\/p>\n<p style=\"text-align: justify;\"><img loading=\"lazy\" decoding=\"async\" class=\"aligncenter size-full wp-image-2038\" src=\"http:\/\/persoclo.fr\/wp-content\/uploads\/2016\/03\/graines-dhorizons-1.png\" alt=\"graines-dhorizons (1)\" width=\"200\" height=\"200\" srcset=\"https:\/\/persoclo.fr\/wp-content\/uploads\/2016\/03\/graines-dhorizons-1.png 200w, https:\/\/persoclo.fr\/wp-content\/uploads\/2016\/03\/graines-dhorizons-1-100x100.png 100w, https:\/\/persoclo.fr\/wp-content\/uploads\/2016\/03\/graines-dhorizons-1-150x150.png 150w\" sizes=\"auto, (max-width: 200px) 100vw, 200px\" \/> <img loading=\"lazy\" decoding=\"async\" class=\"aligncenter wp-image-2039\" src=\"http:\/\/persoclo.fr\/wp-content\/uploads\/2016\/03\/graines-dhorizons.png\" alt=\"graines-dhorizons\" width=\"351\" height=\"199\" srcset=\"https:\/\/persoclo.fr\/wp-content\/uploads\/2016\/03\/graines-dhorizons.png 750w, https:\/\/persoclo.fr\/wp-content\/uploads\/2016\/03\/graines-dhorizons-600x340.png 600w, https:\/\/persoclo.fr\/wp-content\/uploads\/2016\/03\/graines-dhorizons-300x170.png 300w\" sizes=\"auto, (max-width: 351px) 100vw, 351px\" \/><\/p>\n<p style=\"text-align: center;\"><a href=\"http:\/\/www.persoclo.fr\/produit\/robes-modulables-made-in-france\/\"><strong><span style=\"text-decoration: underline;\"><span style=\"color: #ff0000; text-decoration: underline;\">Voir les robes modulables\u00a0<\/span><\/span><\/strong><\/a><\/p>\n","protected":false},"excerpt":{"rendered":"<p>PersoTeam vous pr\u00e9sente\u00a0Graines d&#8217;Horizons, ligne \u00e9co-responsable de v\u00eatements modulables. fond\u00e9e par\u00a0Claire Buonavista\u00a0laur\u00e9ate du Prix Audace 2015 de la r\u00e9gion Sud-Est. Graines d\u2019Horizons, propose une approche \u00e9co-inventive de la garde-robe avec [&hellip;]<\/p>\n","protected":false},"author":91,"featured_media":2037,"comment_status":"open","ping_status":"open","sticky":false,"template":"","format":"standard","meta":{"footnotes":""},"categories":[20],"tags":[202],"class_list":["post-2027","post","type-post","status-publish","format-standard","has-post-thumbnail","hentry","category-persomag","tag-graines-dhorizons"],"translation":{"provider":"WPGlobus","version":"3.0.2","language":"en","enabled_languages":["fr","en"],"languages":{"fr":{"title":true,"content":true,"excerpt":false},"en":{"title":false,"content":false,"excerpt":false}}},"aioseo_notices":[],"_links":{"self":[{"href":"https:\/\/persoclo.fr\/en\/wp-json\/wp\/v2\/posts\/2027","targetHints":{"allow":["GET"]}}],"collection":[{"href":"https:\/\/persoclo.fr\/en\/wp-json\/wp\/v2\/posts"}],"about":[{"href":"https:\/\/persoclo.fr\/en\/wp-json\/wp\/v2\/types\/post"}],"author":[{"embeddable":true,"href":"https:\/\/persoclo.fr\/en\/wp-json\/wp\/v2\/users\/91"}],"replies":[{"embeddable":true,"href":"https:\/\/persoclo.fr\/en\/wp-json\/wp\/v2\/comments?post=2027"}],"version-history":[{"count":4,"href":"https:\/\/persoclo.fr\/en\/wp-json\/wp\/v2\/posts\/2027\/revisions"}],"predecessor-version":[{"id":2134,"href":"https:\/\/persoclo.fr\/en\/wp-json\/wp\/v2\/posts\/2027\/revisions\/2134"}],"wp:featuredmedia":[{"embeddable":true,"href":"https:\/\/persoclo.fr\/en\/wp-json\/wp\/v2\/media\/2037"}],"wp:attachment":[{"href":"https:\/\/persoclo.fr\/en\/wp-json\/wp\/v2\/media?parent=2027"}],"wp:term":[{"taxonomy":"category","embeddable":true,"href":"https:\/\/persoclo.fr\/en\/wp-json\/wp\/v2\/categories?post=2027"},{"taxonomy":"post_tag","embeddable":true,"href":"https:\/\/persoclo.fr\/en\/wp-json\/wp\/v2\/tags?post=2027"}],"curies":[{"name":"wp","href":"https:\/\/api.w.org\/{rel}","templated":true}]}}