{"id":2024,"date":"2016-03-21T16:28:24","date_gmt":"2016-03-21T15:28:24","guid":{"rendered":"http:\/\/persoclo.fr\/?p=2024"},"modified":"2016-03-21T16:28:24","modified_gmt":"2016-03-21T15:28:24","slug":"a-royal-mer-bretagne-pull-marin-a-avenir","status":"publish","type":"post","link":"https:\/\/persoclo.fr\/en\/a-royal-mer-bretagne-pull-marin-a-avenir\/","title":{"rendered":"\u00c0 Royal Mer Bretagne, le pull marin a un avenir"},"content":{"rendered":"<p style=\"text-align: justify;\">L&#8217;entreprise de La Regrippi\u00e8re (Loire Atlantique), en liquidation judiciaire depuis d\u00e9cembre, va pouvoir continuer gr\u00e2ce \u00e0 la reprise par deux associ\u00e9s. Quarante-cinq emplois sont ainsi sauv\u00e9s.<\/p>\n<h3 style=\"text-align: justify;\">Les effets de la crise<\/h3>\n<p style=\"text-align: justify;\">\nLes sourires sont revenus \u00e0 l&#8217;entreprise textile Royal Mer Bretagne de La Regrippi\u00e8re, dans le Vignoble nantais. Depuis le 10 ao\u00fbt, la marque est pass\u00e9e dans les mains de deux associ\u00e9s, Herv\u00e9 Coulombe, de Rennes et Xavier Lepine, d&#8217;Auray.<\/p>\n<p style=\"text-align: justify;\">L&#8217;entreprise familiale cr\u00e9\u00e9e par la famille Morini\u00e8re en 1946, plus exactement la grand-m\u00e8re de Patrick, dernier patron en date, a subi les effets de la crise depuis 2009, comme beaucoup dans cette fili\u00e8re.<\/p>\n<p style=\"text-align: justify;\">\u00c0 tel point que l&#8217;effectif a fondu de 18 personnes entre 2010 et 2011. Sp\u00e9cialis\u00e9e dans la confection de pulls marins, Royal Mer Bretagne, dont la marque est apparue en 1975, d\u00e9veloppait un savoir-faire made in France qui ne s&#8217;est jamais d\u00e9menti, mais qui a eu de la peine \u00e0 prendre le bon virage commercial ces derni\u00e8res ann\u00e9es. Jusqu&#8217;\u00e0 la prononciation de sa liquidation judiciaire, le 2 d\u00e9cembre dernier.<\/p>\n<p style=\"text-align: justify;\">Sur les 59 salari\u00e9s, 45 sont conserv\u00e9s par la nouvelle \u00e9quipe dirigeante. Une team \u00e0 quatre t\u00eates dont les deux patrons associ\u00e9s, qui se partagent les comp\u00e9tences commercialisation, gestion de production, d\u00e9veloppement et finances. <b>\u00ab Nous avons voulu donner un nouvel \u00e9lan par une organisation o\u00f9 chacun trouve sa place \u00bb<\/b>, explique Herv\u00e9 Coulombe. La premi\u00e8re d\u00e9cision prise par la direction a \u00e9t\u00e9 de maintenir Patrick Morini\u00e8re dans leurs rangs et de lui confier le poste de directeur technique. <b>\u00ab Quand la comp\u00e9tence est l\u00e0, pourquoi s&#8217;en s\u00e9parer<\/b> <b>? \u00bb<\/b> r\u00e9torque le nouveau dirigeant, qui sait de quoi il parle, fort d&#8217;une exp\u00e9rience d&#8217;une quinzaine d&#8217;ann\u00e9es dans les m\u00e9tiers du textile et de la maille.<\/p>\n<h3 style=\"text-align: justify;\">Plus que 3 ou 4 fabricants fran\u00e7ais<\/h3>\n<p style=\"text-align: justify;\">Le secteur du textile fran\u00e7ais, depuis trente ans, conna\u00eet une vraie crise dans la fabrication. <b>\u00ab Aujourd&#8217;hui, il ne reste plus que trois ou quatre gros fabricants,<\/b> pr\u00e9cise le repreneur.<b> En 2009, 700<\/b> <b>000 personnes travaillaient dans le textile en Italie quand, en France, ils n&#8217;\u00e9taient plus que 700. C&#8217;est pour cela qu&#8217;on se bat pour sauver des marques comme Royal Mer. Pour un v\u00e9ritable retour \u00e0 la qualit\u00e9 et au made in France, toujours tr\u00e8s pris\u00e9s des Am\u00e9ricains ou des Chinois. \u00bb<\/b><\/p>\n<p style=\"text-align: justify;\">Producteurs de chandails marins haut de gamme, Royal Mer entend se repositionner. <b>\u00ab Nous continuerons \u00e0 alimenter les comptoirs et magasins, notre fonds de commerce. Nous comptons surtout nous imposer \u00e0 l&#8217;export, un domaine non abord\u00e9 par la marque, mais pas question de grande distribution. Ce n&#8217;est pas notre cible. \u00bb<\/b><\/p>\n<p style=\"text-align: justify;\">\n<p style=\"text-align: justify;\"><span class=\"auteur\">Michel FRISSONG.<\/span><\/p>\n<p style=\"text-align: justify;\">http:\/\/www.entreprises.ouest-france.fr\/article\/textile-royal-mer-bretagne-pull-marin-avenir-18-03-2016-260013?utm_source=rss&#038;utm_medium=ofentreprise&#038;utm_campaign=rss_info_pays_loire<\/p>\n","protected":false},"excerpt":{"rendered":"<p>L&#8217;entreprise de La Regrippi\u00e8re (Loire Atlantique), en liquidation judiciaire depuis d\u00e9cembre, va pouvoir continuer gr\u00e2ce \u00e0 la reprise par deux associ\u00e9s. Quarante-cinq emplois sont ainsi sauv\u00e9s. Les effets de la [&hellip;]<\/p>\n","protected":false},"author":91,"featured_media":2025,"comment_status":"open","ping_status":"open","sticky":false,"template":"","format":"standard","meta":{"footnotes":""},"categories":[20],"tags":[201],"class_list":["post-2024","post","type-post","status-publish","format-standard","has-post-thumbnail","hentry","category-persomag","tag-royal-mer-bretagne"],"translation":{"provider":"WPGlobus","version":"3.0.2","language":"en","enabled_languages":["fr","en"],"languages":{"fr":{"title":true,"content":true,"excerpt":false},"en":{"title":false,"content":false,"excerpt":false}}},"aioseo_notices":[],"_links":{"self":[{"href":"https:\/\/persoclo.fr\/en\/wp-json\/wp\/v2\/posts\/2024","targetHints":{"allow":["GET"]}}],"collection":[{"href":"https:\/\/persoclo.fr\/en\/wp-json\/wp\/v2\/posts"}],"about":[{"href":"https:\/\/persoclo.fr\/en\/wp-json\/wp\/v2\/types\/post"}],"author":[{"embeddable":true,"href":"https:\/\/persoclo.fr\/en\/wp-json\/wp\/v2\/users\/91"}],"replies":[{"embeddable":true,"href":"https:\/\/persoclo.fr\/en\/wp-json\/wp\/v2\/comments?post=2024"}],"version-history":[{"count":1,"href":"https:\/\/persoclo.fr\/en\/wp-json\/wp\/v2\/posts\/2024\/revisions"}],"predecessor-version":[{"id":2026,"href":"https:\/\/persoclo.fr\/en\/wp-json\/wp\/v2\/posts\/2024\/revisions\/2026"}],"wp:featuredmedia":[{"embeddable":true,"href":"https:\/\/persoclo.fr\/en\/wp-json\/wp\/v2\/media\/2025"}],"wp:attachment":[{"href":"https:\/\/persoclo.fr\/en\/wp-json\/wp\/v2\/media?parent=2024"}],"wp:term":[{"taxonomy":"category","embeddable":true,"href":"https:\/\/persoclo.fr\/en\/wp-json\/wp\/v2\/categories?post=2024"},{"taxonomy":"post_tag","embeddable":true,"href":"https:\/\/persoclo.fr\/en\/wp-json\/wp\/v2\/tags?post=2024"}],"curies":[{"name":"wp","href":"https:\/\/api.w.org\/{rel}","templated":true}]}}