{"id":2009,"date":"2016-02-26T07:05:04","date_gmt":"2016-02-26T06:05:04","guid":{"rendered":"http:\/\/persoclo.fr\/?p=2009"},"modified":"2016-02-26T07:07:36","modified_gmt":"2016-02-26T06:07:36","slug":"les-entreprises-textile-nordistes-ont-foi-dans-le-traite-transatlantique-envers-et-contre-tout","status":"publish","type":"post","link":"https:\/\/persoclo.fr\/en\/les-entreprises-textile-nordistes-ont-foi-dans-le-traite-transatlantique-envers-et-contre-tout\/","title":{"rendered":"Les entreprises textile nordistes ont foi dans le trait\u00e9 transatlantique, envers et contre tout"},"content":{"rendered":"<p style=\"text-align: justify;\">La promesse de nouvelles parts de march\u00e9: les entreprises textiles nordistes voient dans le projet d&#8217;accord de libre-\u00e9change\u00a0actuellement en n\u00e9gociation entre Bruxelles et Washington (Tafta),objet de vives critiques, un moyen de dynamiser leur activit\u00e9, essentiellement tourn\u00e9e\u00a0vers les exportations.<\/p>\n<p style=\"text-align: justify;\">Pour le <strong>dentellier Noyon<\/strong>, implant\u00e9 \u00e0 <strong>Calais<\/strong>, qui confectionne\u00a0de la dentelle essentiellement pour la lingerie et les robes de mari\u00e9e, les ventes\u00a0vers les Etats-Unis repr\u00e9sentent entre 8 et 10% du chiffre d&#8217;affaires.\u00a0Avec la suppression des droits de douane et la simplification des proc\u00e9dures douani\u00e8res<br \/>\npr\u00e9vues dans le projet de trait\u00e9 transatlantique, &#8220;on pourrait doubler&#8221; les exportations\u00a0vers ce pays, estime <strong>Olivier Noyon<\/strong>, pr\u00e9sident de la soci\u00e9t\u00e9, qui se voit appliquer\u00a0pour l&#8217;instant des droits de l&#8217;ordre de 15% sur ses produits \u00e0 l&#8217;entr\u00e9e des Etats-Unis.<\/p>\n<p>Une manne qui serait la bienvenue alors que son entreprise a vu son chiffre d&#8217;affaires\u00a0divis\u00e9 par plus de trois depuis 2002, passant de 60 millions d&#8217;euros \u00e0 environ\u00a018 millions aujourd&#8217;hui, et son nombre d&#8217;employ\u00e9s fondre de 850 \u00e0 220, cons\u00e9quence\u00a0de la f\u00e9roce concurrence asiatique.\u00a0Le dirigeant veut croire que la baisse des prix induite par la disparition des\u00a0droits de douane permettrait notamment \u00e0 son entreprise de retrouver des parts\u00a0de march\u00e9 dans le secteur de la lingerie, aupr\u00e8s de marques telles que <strong>Victoria&#8217;s\u00a0Secret.<\/strong><\/p>\n<h2 class=\"title_blue\" style=\"text-align: justify;\">Droits de douane<\/h2>\n<p style=\"text-align: justify;\">Une situation confirm\u00e9e par <strong>Jean-Louis Dussart,<\/strong> co-dirigeant de Desseilles Laces,\u00a0autre dentellier aujourd&#8217;hui au bord de la liquidation judiciaire.\u00a0&#8220;<em>On travaillait aux Etats-Unis avec un certain nombre de petites marques tr\u00e8s\u00a0connues, qui ont fini par se rabattre sur la broderie, sur laquelle il y a moins<br \/>\nde droits de douane<\/em>&#8220;, raconte-t-il.\u00a0&#8220;<em>Entre les droits de douane, le co\u00fbt du transport et le pourcentage vers\u00e9 aux\u00a0agents commerciaux, \u00e7a ajoute entre 23 et 24% au prix de notre dentelle<\/em>&#8220;, explique-t-il.\u00a0Un d\u00e9savantage comp\u00e9titif certain par rapport au m\u00eame tissu fabriqu\u00e9 en <strong>Asie<\/strong> et\u00a0vendu \u00e0 bien moindre co\u00fbt.<\/p>\n<p>Pour <strong>Nicolas Bonte<\/strong>, patron de Tissage Art de Lys, une petite entreprise de 15\u00a0personnes implant\u00e9e pr\u00e8s de <strong>Lille<\/strong>, une des vertus principales\u00a0du trait\u00e9 est la simplification des proc\u00e9dures douani\u00e8res avec les <strong>Etats-Unis<\/strong>.\u00a0&#8220;<em>On attend toujours des simplifications et de la clart\u00e9, notamment pour des petites<br \/>\nstructures comme la n\u00f4tre<\/em>&#8220;, dit-il.\u00a0Actuellement, indique le chef d&#8217;entreprise, les droits de douane sur ses produits\u00a0peuvent varier et passer de 5 \u00e0 10% selon leur point d&#8217;arriv\u00e9e aux Etats-Unis mais\u00a0aussi en fonction du d\u00e9clarant, autrement dit la soci\u00e9t\u00e9 de transport qui effectue\u00a0la proc\u00e9dure pour le compte de <strong>Tissage Art de Lys<\/strong>.<\/p>\n<h2 class=\"title_blue\" style=\"text-align: justify;\">Ne pas se barricader<\/h2>\n<p style=\"text-align: justify;\">Des pr\u00e9occupations partag\u00e9es par de nombreuses petites entreprises, dont la voix\u00a0peine \u00e0 se faire entendre face \u00e0 celle, massive, des d\u00e9tracteurs du projet.\u00a0Les opposants au<strong>Tafta<\/strong> (TTIP en anglais) d\u00e9noncent l&#8217;opacit\u00e9 des n\u00e9gociations,\u00a0craignent une d\u00e9r\u00e8glementation g\u00e9n\u00e9ralis\u00e9e et une perte de souverainet\u00e9. Ils soul\u00e8vent\u00a0aussi le fait que l&#8217;impact \u00e9conomique d&#8217;un tel accord n&#8217;a pas \u00e9t\u00e9 suffisamment\u00a0mesur\u00e9 et s&#8217;inqui\u00e8tent de l&#8217;importation en Europe de produits am\u00e9ricains bon march\u00e9.<\/p>\n<p>La Commission europ\u00e9enne vante, elle, les opportunit\u00e9s en termes de croissance\u00a0et d&#8217;emploi qu&#8217;offrirait une plus grande ouverture du march\u00e9 am\u00e9ricain pour les\u00a0entreprises europ\u00e9ennes.\u00a0L&#8217;impact pour l&#8217;UE devrait \u00eatre &#8220;d&#8217;un peu moins de 100 milliards d&#8217;euros d&#8217;augmentation\u00a0du revenu annuel, ce qui repr\u00e9sente 0,3% du PIB&#8221;, a calcul\u00e9 <strong>S\u00e9bastien Jean,<\/strong> directeur\u00a0du centre de recherches \u00e9conomiques <strong>CEPII<\/strong>. Les secteurs qui devraient le plus en<br \/>\nb\u00e9n\u00e9ficier sont le textile, l&#8217;habillement, la c\u00e9ramique ou encore le tabac, o\u00f9\u00a0les droits de douane sont \u00e9lev\u00e9s.<\/p>\n<p>&#8220;<em>Ce n&#8217;est pas en se barricadant qu&#8217;on va y arriver<\/em>&#8220;, estime Nicolas Bonte. &#8220;<em>C&#8217;est\u00a0\u00e0 nous de prendre des mesures et de se diff\u00e9rencier pour pouvoir conqu\u00e9rir de nouveaux\u00a0march\u00e9s<\/em>&#8220;.\u00a0&#8220;<em>On a un besoin imp\u00e9ratif d&#8217;exporter pour que nos entreprises s&#8217;en sortent et\u00a0d\u00e9veloppent leur chiffre d&#8217;affaires<\/em>&#8220;, dans un contexte de &#8220;consommation domestique\u00a0faiblarde&#8221;, plaide pour sa part Emmanuelle Butaud-Stubbs, d\u00e9l\u00e9gu\u00e9e g\u00e9n\u00e9rale de\u00a0l&#8217;Union des industries textiles (UIT).\u00a0&#8220;<em>Les Etats-Unis repr\u00e9sentent un march\u00e9 d&#8217;exportation tr\u00e8s important pour le textile\u00a0et l&#8217;habillement (&#8230;) c&#8217;est la raison pour laquelle nous poursuivons nos int\u00e9r\u00eats\u00a0offensifs l\u00e0-bas<\/em>&#8220;, ajoute-t-elle.<\/p>\n<ul>\n<li class=\"first\">AFP<\/li>\n<li class=\"last\">Publi\u00e9 le 25\/02\/2016 | 15:30<\/li>\n<\/ul>\n<p>http:\/\/france3-regions.francetvinfo.fr\/nord-pas-de-calais\/les-entreprises-textile-nordistes-ont-foi-dans-le-traite-transatlantique-envers-et-contre-tout-936696.html<\/p>\n","protected":false},"excerpt":{"rendered":"<p>La promesse de nouvelles parts de march\u00e9: les entreprises textiles nordistes voient dans le projet d&#8217;accord de libre-\u00e9change\u00a0actuellement en n\u00e9gociation entre Bruxelles et Washington (Tafta),objet de vives critiques, un moyen [&hellip;]<\/p>\n","protected":false},"author":91,"featured_media":2011,"comment_status":"open","ping_status":"open","sticky":false,"template":"","format":"standard","meta":{"footnotes":""},"categories":[20],"tags":[199],"class_list":["post-2009","post","type-post","status-publish","format-standard","has-post-thumbnail","hentry","category-persomag","tag-tafta"],"translation":{"provider":"WPGlobus","version":"3.0.2","language":"en","enabled_languages":["fr","en"],"languages":{"fr":{"title":true,"content":true,"excerpt":false},"en":{"title":false,"content":false,"excerpt":false}}},"aioseo_notices":[],"_links":{"self":[{"href":"https:\/\/persoclo.fr\/en\/wp-json\/wp\/v2\/posts\/2009","targetHints":{"allow":["GET"]}}],"collection":[{"href":"https:\/\/persoclo.fr\/en\/wp-json\/wp\/v2\/posts"}],"about":[{"href":"https:\/\/persoclo.fr\/en\/wp-json\/wp\/v2\/types\/post"}],"author":[{"embeddable":true,"href":"https:\/\/persoclo.fr\/en\/wp-json\/wp\/v2\/users\/91"}],"replies":[{"embeddable":true,"href":"https:\/\/persoclo.fr\/en\/wp-json\/wp\/v2\/comments?post=2009"}],"version-history":[{"count":3,"href":"https:\/\/persoclo.fr\/en\/wp-json\/wp\/v2\/posts\/2009\/revisions"}],"predecessor-version":[{"id":2013,"href":"https:\/\/persoclo.fr\/en\/wp-json\/wp\/v2\/posts\/2009\/revisions\/2013"}],"wp:featuredmedia":[{"embeddable":true,"href":"https:\/\/persoclo.fr\/en\/wp-json\/wp\/v2\/media\/2011"}],"wp:attachment":[{"href":"https:\/\/persoclo.fr\/en\/wp-json\/wp\/v2\/media?parent=2009"}],"wp:term":[{"taxonomy":"category","embeddable":true,"href":"https:\/\/persoclo.fr\/en\/wp-json\/wp\/v2\/categories?post=2009"},{"taxonomy":"post_tag","embeddable":true,"href":"https:\/\/persoclo.fr\/en\/wp-json\/wp\/v2\/tags?post=2009"}],"curies":[{"name":"wp","href":"https:\/\/api.w.org\/{rel}","templated":true}]}}