{"id":1949,"date":"2016-02-20T19:43:26","date_gmt":"2016-02-20T18:43:26","guid":{"rendered":"http:\/\/persoclo.fr\/?p=1949"},"modified":"2016-02-20T20:32:48","modified_gmt":"2016-02-20T19:32:48","slug":"les-nouveaux-dragons-du-textile","status":"publish","type":"post","link":"https:\/\/persoclo.fr\/en\/les-nouveaux-dragons-du-textile\/","title":{"rendered":"Les nouveaux dragons du textile"},"content":{"rendered":"<div class=\"intro\">\n<div class=\"edition-author\"><small class=\"legend\">Le salon Texworld, en f\u00e9vrier 2016.<\/small> <small class=\"credits with-legend\">\u00a9 Twexworld<\/small><\/div>\n<div class=\"edition-author\">Par <a class=\"modeless\" href=\"http:\/\/www.rfi.fr\/auteur\/claire-fages\/\">Claire Fages<\/a><\/div>\n<header>\n<div class=\"meta\"><time datetime=\"16-02-19\">Diffusion : vendredi 19 f\u00e9vrier 2016<\/time><\/div>\n<\/header>\n<p style=\"text-align: justify;\">Cette semaine le salon Texworld rassemble au Bourget, pr\u00e8s de Paris, des entreprises du textile et de l&#8217;habillement du monde entier. Avec une repr\u00e9sentation massive des entreprises chinoises. Mais aussi l&#8217;apparition d&#8217;entreprises textiles du Vietnam, du Cambodge et de Birmanie.<\/p>\n<\/div>\n<p style=\"text-align: justify;\">Ce sont les nouveaux dragons du textile mondial. Bien s\u00fbr, ils partent de loin par rapport \u00e0 la Chine (138 milliards de dollars d&#8217;exportations rien que dans le textile et l&#8217;habillement), mais le Vietnam a doubl\u00e9 ses exportations en cinq ans et c&#8217;est aujourd&#8217;hui le troisi\u00e8me fournisseur d&#8217;habillement de la plan\u00e8te (22 milliards de dollars), derri\u00e8re la Chine et le Bangladesh, mais devant la Turquie.<\/p>\n<p style=\"text-align: justify;\">M\u00eame progression fulgurante pour le Cambodge (8 milliards de dollars). Quant \u00e0 la Birmanie c&#8217;est encore le b\u00e9b\u00e9 dragon du textile (250 millions de dollars), mais sa croissance est ph\u00e9nom\u00e9nale, ses exportations de v\u00eatements ont quadrupl\u00e9 en cinq ans.<\/p>\n<p style=\"text-align: justify;\"><strong>Des co\u00fbts imbattables, de meilleures garanties sociales que le Bangladesh<\/strong><\/p>\n<p style=\"text-align: justify;\">Les professionnels le disent, le Bangladesh n&#8217;a pas fait beaucoup de progr\u00e8s depuis l&#8217;effondrement du Rana Plaza, il y a presque trois ans. Au Vietnam, les autorit\u00e9s communistes sont tr\u00e8s soucieuses de faire appliquer un minimum de r\u00e8gles dans les usines. Avec un salaire minimum de 120 euros, moins de la moiti\u00e9 du salaire chinois, le manteau cousu dans la r\u00e9gion c\u00f4ti\u00e8re de Danang \u00e0 Ho Chi Minh arrive en Europe \u00e0 17 euros, co\u00fbt et fret inclus. Il n&#8217;est pas \u00e9tonnant que le Vietnam soit devenu le deuxi\u00e8me fournisseur de parkas de l&#8217;Union europ\u00e9enne !<\/p>\n<p style=\"text-align: justify;\">Au Cambodge, le tableau social est moins brillant, mais en progr\u00e8s. Surtout, le Cambodge peut produire un pantalon \u00e0 7 euros, un t-shirt \u00e0 3 euros\u00a0: les surv\u00eatements cambodgiens ont envahi les boutiques europ\u00e9ennes. En Birmanie, l&#8217;ouvrier textile gagne moins de 60 euros par mois, les anoraks birmans sont tr\u00e8s pris\u00e9s par les acheteurs europ\u00e9ens.<\/p>\n<p style=\"text-align: justify;\">Dans ces trois pays, l&#8217;\u00e9nergie n&#8217;est pas ch\u00e8re, les r\u00e9seaux routiers sont plut\u00f4t bons et les entreprises chinoises investissent massivement au Cambodge, au Vietnam et en Birmanie. Elles d\u00e9localisent \u00e0 leur porte en fournissant le coton et le tissu de Chine.<\/p>\n<p style=\"text-align: justify;\"><strong>Des accords hyper-pr\u00e9f\u00e9rentiels<\/strong><\/p>\n<p style=\"text-align: justify;\">C&#8217;est une int\u00e9gration semblable de la fili\u00e8re textile qui avait permis \u00e0 d&#8217;autres pays pr\u00e9c\u00e9demment de devenir des champions mondiaux, la Turquie, l&#8217;Inde et le Pakistan. L&#8217;usine textile du monde est donc en train de se d\u00e9placer vers le sud-est de l&#8217;Asie avec un grand coup de pouce : les nouveaux accords de libre-\u00e9change.<\/p>\n<p style=\"text-align: justify;\">Depuis trois ans, les accords hyper-pr\u00e9f\u00e9rentiels se multiplient entre l&#8217;Union europ\u00e9enne, ou les \u00c9tats-Unis, et les nouveaux dragons du textile. L&#8217;habillement cambodgien b\u00e9n\u00e9ficie d&#8217;un droit d&#8217;entr\u00e9e nul en Europe au nom de l&#8217;accord \u00ab Tout sauf les armes \u00bb. M\u00eame r\u00e9gime pr\u00e9f\u00e9rentiel pour l&#8217;habillement birman, l&#8217;Union europ\u00e9enne a m\u00eame pr\u00e9c\u00e9d\u00e9 les \u00c9tats-Unis dans la lev\u00e9e des sanctions contre la Birmanie.<\/p>\n<p style=\"text-align: justify;\">Quant au Vietnam, s&#8217;il doit attendre encore sept ans avant que ses v\u00eatements entrent sans taxe en Europe, il sera le plus grand b\u00e9n\u00e9ficiaire de l&#8217;accord transpacifique avec les \u00c9tats-Unis dans le textile. Le Vietnam est d\u00e9j\u00e0 le deuxi\u00e8me fournisseur de v\u00eatements des Am\u00e9ricains.<\/p>\n<p style=\"text-align: justify;\"><strong>La volont\u00e9 des nouveaux dragons du textile<br \/>\n<\/strong><br \/>\nVietnam, Cambodge et Birmanie, les nouveaux dragons du textile veulent non seulement devenir des acteurs majeurs du commerce mondial de l&#8217;habillement, mais ils veulent monter en gamme.<\/p>\n<p style=\"text-align: justify;\">Sortir de la sous-traitance, c&#8217;est l&#8217;objectif de l&#8217;Asie du Sud-Est, avec l&#8217;aide des entreprises europ\u00e9ennes qui songent \u00e0 d\u00e9localiser la cr\u00e9ation, le marketing. Si c&#8217;est le cas, les fournisseurs textiles du Maghreb risquent de souffrir encore, ils s&#8217;\u00e9taient sp\u00e9cialis\u00e9s dans le moyen haut de gamme, mais leur part de march\u00e9 stagne, voire diminue, notamment dans le jean.<\/p>\n<p style=\"text-align: justify;\">Les industriels du Maroc et de Tunisie doivent acheter leur tissu en Europe pour que leurs v\u00eatements b\u00e9n\u00e9ficient de z\u00e9ro droit de douane en retour, ce qui n&#8217;est pas le cas de leurs concurrents, l&#8217;Union europ\u00e9enne a voulu prot\u00e9ger de cette mani\u00e8re le peu d&#8217;industrie textile qui lui restait.<\/p>\n<p>http:\/\/www.rfi.fr\/emission\/20160219-dragons-textile-cambodge-vietnam-birmanie-commerce<\/p>\n","protected":false},"excerpt":{"rendered":"<p>Le salon Texworld, en f\u00e9vrier 2016. \u00a9 Twexworld Par Claire Fages Diffusion : vendredi 19 f\u00e9vrier 2016 Cette semaine le salon Texworld rassemble au Bourget, pr\u00e8s de Paris, des entreprises [&hellip;]<\/p>\n","protected":false},"author":91,"featured_media":1952,"comment_status":"open","ping_status":"open","sticky":false,"template":"","format":"standard","meta":{"footnotes":""},"categories":[20],"tags":[197],"class_list":["post-1949","post","type-post","status-publish","format-standard","has-post-thumbnail","hentry","category-persomag","tag-texworld"],"translation":{"provider":"WPGlobus","version":"3.0.2","language":"en","enabled_languages":["fr","en"],"languages":{"fr":{"title":true,"content":true,"excerpt":false},"en":{"title":false,"content":false,"excerpt":false}}},"aioseo_notices":[],"_links":{"self":[{"href":"https:\/\/persoclo.fr\/en\/wp-json\/wp\/v2\/posts\/1949","targetHints":{"allow":["GET"]}}],"collection":[{"href":"https:\/\/persoclo.fr\/en\/wp-json\/wp\/v2\/posts"}],"about":[{"href":"https:\/\/persoclo.fr\/en\/wp-json\/wp\/v2\/types\/post"}],"author":[{"embeddable":true,"href":"https:\/\/persoclo.fr\/en\/wp-json\/wp\/v2\/users\/91"}],"replies":[{"embeddable":true,"href":"https:\/\/persoclo.fr\/en\/wp-json\/wp\/v2\/comments?post=1949"}],"version-history":[{"count":2,"href":"https:\/\/persoclo.fr\/en\/wp-json\/wp\/v2\/posts\/1949\/revisions"}],"predecessor-version":[{"id":1955,"href":"https:\/\/persoclo.fr\/en\/wp-json\/wp\/v2\/posts\/1949\/revisions\/1955"}],"wp:featuredmedia":[{"embeddable":true,"href":"https:\/\/persoclo.fr\/en\/wp-json\/wp\/v2\/media\/1952"}],"wp:attachment":[{"href":"https:\/\/persoclo.fr\/en\/wp-json\/wp\/v2\/media?parent=1949"}],"wp:term":[{"taxonomy":"category","embeddable":true,"href":"https:\/\/persoclo.fr\/en\/wp-json\/wp\/v2\/categories?post=1949"},{"taxonomy":"post_tag","embeddable":true,"href":"https:\/\/persoclo.fr\/en\/wp-json\/wp\/v2\/tags?post=1949"}],"curies":[{"name":"wp","href":"https:\/\/api.w.org\/{rel}","templated":true}]}}