{"id":1939,"date":"2016-02-14T20:21:53","date_gmt":"2016-02-14T19:21:53","guid":{"rendered":"http:\/\/persoclo.fr\/?p=1939"},"modified":"2016-02-14T20:22:40","modified_gmt":"2016-02-14T19:22:40","slug":"ces-microbes-mangeurs-de-fibres-qui-seduisent-des-multinationales-du-textile","status":"publish","type":"post","link":"https:\/\/persoclo.fr\/en\/ces-microbes-mangeurs-de-fibres-qui-seduisent-des-multinationales-du-textile\/","title":{"rendered":"Ces microbes mangeurs de fibres qui s\u00e9duisent des multinationales du textile"},"content":{"rendered":"<p><span class=\"author-name\">Cr\u00e9dits : CDC\/James<\/span><\/p>\n<p><span class=\"author-name\">Par <a class=\"link\" href=\"http:\/\/www.latribune.fr\/journalistes\/marina-torre-28\">Marina Torre<\/a> <\/span>\u00a0|\u00a0 <time datetime=\"2016-02-10CET20:00:00+0100\">10\/02\/2016<\/time><\/p>\n<p style=\"text-align: justify;\"><strong>Malgr\u00e9 le co\u00fbt relativement \u00e9lev\u00e9 des proc\u00e9d\u00e9s, l&#8217;offre de textiles recycl\u00e9s progresse et rencontre une demande croissante.\u00a0<\/strong><\/p>\n<section class=\"chapo\">Deux jeunes ing\u00e9nieurs am\u00e9ricains d\u00e9veloppent un proc\u00e9d\u00e9 visant \u00e0 fabriquer du tissu neuf avec de l&#8217;ancien gr\u00e2ce \u00e0 l\u2019action de micro-organismes. Du d\u00e9nicheur de \u201clicornes\u201d Y Combinator \u00e0 un fonds financ\u00e9 par Nike en passant par la fondation H&amp;M, \u00e7a se bouscule en hauts lieux pour aider ces chiffonniers d\u2019un nouveau genre.<\/section>\n<section class=\"contenu-article clearfix\">\n<div class=\"body-article\">\n<p style=\"text-align: justify;\">Plut\u00f4t que de faire la chasse aux microbes, ils les cultivent. Akshay Sethi et Moby Ahmed, deux Californiens tout juste dipl\u00f4m\u00e9s de l&#8217;universit\u00e9 de Californie \u00e0 Davis, n&#8217;ont entre les mains qu&#8217;une technologie balbutiante. Mais elle leur vaut l&#8217;int\u00e9r\u00eat de puissantes f\u00e9es de la finance et de l&#8217;industrie textile.<\/p>\n<p style=\"text-align: justify;\">Le principe ? Utiliser des\u00a0micro-organismes capables de d\u00e9truire des mati\u00e8res\u00a0plastiques\u00a0pour en tirer un nouveau type de mati\u00e8re premi\u00e8re textile. Plus pr\u00e9cis\u00e9ment, ils absorbent du polyester et &#8220;fabriquent&#8221; ainsi une nouvelle substance transformable\u00a0en nouvelles fibres de tissu.<\/p>\n<p><img loading=\"lazy\" decoding=\"async\" class=\"size-full wp-image-1940 alignleft\" src=\"http:\/\/persoclo.fr\/wp-content\/uploads\/2016\/02\/ambercycle.jpg\" alt=\"ambercycle\" width=\"460\" height=\"307\" srcset=\"https:\/\/persoclo.fr\/wp-content\/uploads\/2016\/02\/ambercycle.jpg 460w, https:\/\/persoclo.fr\/wp-content\/uploads\/2016\/02\/ambercycle-300x200.jpg 300w\" sizes=\"auto, (max-width: 460px) 100vw, 460px\" \/><\/p>\n<p>&nbsp;<\/p>\n<p>&nbsp;<\/p>\n<p><em>Mobi Ahmed, (\u00e0 g.) et Akshay Sethi (\u00e0 droite), les fondateurs d&#8217;Ambercycle se sont rencontr\u00e9s sur les bancs de l&#8217;universit\u00e9 de Californie \u00e0 Davis (pr\u00e8s de Sacramento). Ils ont remport\u00e9 250.000 euros dans le cadre du &#8220;Global Change Award&#8221;.<\/em><\/p>\n<h2><\/h2>\n<h2><\/h2>\n<h2>\u00a0Refaire du tissu<\/h2>\n<p style=\"text-align: justify;\">L&#8217;aspect r\u00e9volutionnaire ne saute peut-\u00eatre pas aux yeux. Pourtant, parce que d&#8217;immenses volumes de v\u00eatements sont fabriqu\u00e9s \u00e0 partir de mati\u00e8res m\u00e9lang\u00e9es, notamment du polyester et du coton, ils ne sont pas recyclables. <a href=\"http:\/\/www.latribune.fr\/entreprises-finance\/services\/distribution\/h-m-et-l-industrie-de-la-mode-dans-le-sac-de-noeuds-de-la-fibre-verte-466506.html\">Ils finissent donc le plus souvent leur -courte- vie dans des incin\u00e9rateurs<\/a>. Autant dire que leur empreinte carbone n&#8217;est pas des plus neutres.<\/p>\n<p style=\"text-align: justify;\">D&#8217;o\u00f9 l&#8217;importance de pouvoir trier le bon grain de l&#8217;ivraie. Ce qui semble donc possible gr\u00e2ce au\u00a0proc\u00e9d\u00e9 brevet\u00e9 par les deux jeunes ing\u00e9nieurs via leur entreprise, AmberCycle. Leur id\u00e9e a m\u00eame attir\u00e9 l&#8217;attention de parrains de renom susceptibles de trouver, en se penchant sur leur berceau, l&#8217;occasion de promouvoir une image &#8220;verte&#8221;.<\/p>\n<h2 style=\"text-align: justify;\">Sur le podium d&#8217;un concours en ligne<\/h2>\n<p style=\"text-align: justify;\">Ce 10 f\u00e9vrier, ils ont m\u00eame re\u00e7u \u00e0 Stockholm une dotation de 250.000 euros dans le cadre de la toute premi\u00e8re \u00e9dition du prix &#8220;Gobal Change Award&#8221; cr\u00e9\u00e9 par la Fondation H&amp;M. Cet organisme \u00e0 but non lucratif financ\u00e9 par la famille fondatrice de la multinationale insiste pour afficher son ind\u00e9pendance vis-\u00e0-vis de l&#8217;entreprise dont elle porte le nom.<\/p>\n<p style=\"text-align: justify;\">C&#8217;est elle qui fournit la dotation d&#8217;un million d&#8217;euros r\u00e9partie entre cinq inventions finalistes de son concours d&#8217;innovations dans le textile durable. Le groupe, quant \u00e0 lui, promet de\u00a0mettre les vainqueurs en relation avec certains de ses grands fournisseurs susceptibles d&#8217;\u00eatre int\u00e9ress\u00e9s. En outre, les entreprises distingu\u00e9es sur 2.500 dossiers re\u00e7us auront droit \u00e0 une place dans l&#8217;acc\u00e9l\u00e9rateur du KTH, l&#8217;Institut royal de technologie de Su\u00e8de.<\/p>\n<p style=\"text-align: justify;\">Les microbes d&#8217;AmberCycle ne sont arriv\u00e9s qu&#8217;en deuxi\u00e8me position. Les mieux lotis (300.000 euros) par les internautes appel\u00e9s \u00e0 voter sans conna\u00eetre le nom des inventeurs ni leur origine g\u00e9ographique ont finalement \u00e9t\u00e9 des universitaires finlandais. Eux ont trouv\u00e9 un nouveau moyen de convertir des d\u00e9chets de coton en nouvelles fibres r\u00e9utilisables. Ils devancent d&#8217;autres concepts insolites, utilisant soit du jus d&#8217;agrumes soit des algues pour cr\u00e9er des fibres de tissus\u00a0capables de remplacer les mati\u00e8res premi\u00e8res issues du p\u00e9trole.<\/p>\n<h2 style=\"text-align: justify;\">Rep\u00e9r\u00e9s par la Nasa et Y Combinator<\/h2>\n<p style=\"text-align: justify;\">Les deux Californiens quant \u00e0 eux n&#8217;ont pas attendu le coup de pouce du g\u00e9ant de la distribution pour faire parler d&#8217;eux. En 2013, d\u00e9j\u00e0, ils sont rep\u00e9r\u00e9s par <a href=\"https:\/\/launch.skild.com\/skild2\/challenge-launch\/viewEntryDetail.action?pid=47774\">la plateforme &#8220;Launch&#8221; <\/a>fond\u00e9e par la Nasa, Nike et le gouvernement am\u00e9ricain. A l&#8217;\u00e9poque, ils \u00e9voquent surtout leurs microbes comme un moyen de d\u00e9truire des bouteilles plastiques. Ils ont aussi re\u00e7u l&#8217;aide du &#8220;Y Combinator&#8221;, l<a href=\"http:\/\/www.latribune.fr\/technos-medias\/innovation-et-start-up\/20141002trib9306aa417\/les-accelerateurs-de-start-up-sont-ils-deja-trop-nombreux.html\">&#8216;acc\u00e9l\u00e9rateur am\u00e9ricain qui a couv\u00e9 des entreprises valant d\u00e9sormais des milliards comme Airbnb ou DropBox<\/a>.<\/p>\n<p style=\"text-align: justify;\">Gr\u00e2ce \u00e0 ce nouvel apport, les deux ing\u00e9nieurs esp\u00e8rent passer la vitesse sup\u00e9rieure, mais sont encore loin de la mise sur le march\u00e9 de leur produit.<\/p>\n<blockquote>\n<p style=\"text-align: justify;\"><strong>&#8220;<\/strong><em>Il nous faut d\u00e9sormais pouvoir v\u00e9rifier si notre technologie qui fonctionne pour de petites quantit\u00e9s sera viable \u00e0 tr\u00e8s grande \u00e9chelle. Les microbes ont d\u00e9j\u00e0 prouv\u00e9 leur efficacit\u00e9 dans d&#8217;autres domaines. Nous esp\u00e9rons pouvoir faire fonctionner une usine d&#8217;ici trois \u00e0 cinq ans<\/em>&#8220;, pr\u00e9cise ainsi Akhsay Sethi.<\/p>\n<\/blockquote>\n<p style=\"text-align: justify;\">S&#8217;ils en sont capables, ils auront de quoi faire. Rien qu&#8217;en France, 2,5 milliards de pi\u00e8ces de v\u00eatements (soit 600.000 tonnes), sont mises chaque ann\u00e9e sur le seul march\u00e9&#8230; Dans le m\u00eame temps, malgr\u00e9 le co\u00fbt relativement \u00e9lev\u00e9 des proc\u00e9d\u00e9s, l&#8217;offre de textiles recycl\u00e9s progresse et\u00a0rencontre une demande croissante. La part des consommateurs\u00a0ayant achet\u00e9 des v\u00eatements \u00e0 base de textile recycl\u00e9 a m\u00eame grimp\u00e9 de 10 points en un an selon la F\u00e9d\u00e9ration du pr\u00eat-\u00e0-porter f\u00e9minin.<\/p>\n<p><img decoding=\"async\" class=\"content_media alignleft\" src=\"http:\/\/static.latribune.fr\/article_body\/550219\/ffpap.jpg\" alt=\"FFPAP\" data-id=\"550219\" \/><\/p>\n<p><em>Les donn\u00e9es ci-dessus proviennent du bilan annuel de la F\u00e9d\u00e9ration fran\u00e7aise du pr\u00eat-\u00e0-porter d\u00e9voil\u00e9e le 10 f\u00e9vrier.<\/em><\/p>\n<\/div>\n<\/section>\n<p>&nbsp;<\/p>\n<p>&nbsp;<\/p>\n<p>&nbsp;<\/p>\n<p>&nbsp;<\/p>\n<p>&nbsp;<\/p>\n<p>&nbsp;<\/p>\n<p>http:\/\/www.latribune.fr\/entreprises-finance\/industrie\/agroalimentaire-biens-de-consommation-luxe\/ces-microbes-mangeurs-de-fibres-qui-seduisent-des-multinationales-du-textile-550173.html<\/p>\n","protected":false},"excerpt":{"rendered":"<p>Cr\u00e9dits : CDC\/James Par Marina Torre \u00a0|\u00a0 10\/02\/2016 Malgr\u00e9 le co\u00fbt relativement \u00e9lev\u00e9 des proc\u00e9d\u00e9s, l&#8217;offre de textiles recycl\u00e9s progresse et rencontre une demande croissante.\u00a0 Deux jeunes ing\u00e9nieurs am\u00e9ricains d\u00e9veloppent [&hellip;]<\/p>\n","protected":false},"author":91,"featured_media":1941,"comment_status":"open","ping_status":"open","sticky":false,"template":"","format":"standard","meta":{"footnotes":""},"categories":[20],"tags":[196],"class_list":["post-1939","post","type-post","status-publish","format-standard","has-post-thumbnail","hentry","category-persomag","tag-microbes"],"translation":{"provider":"WPGlobus","version":"3.0.2","language":"en","enabled_languages":["fr","en"],"languages":{"fr":{"title":true,"content":true,"excerpt":false},"en":{"title":false,"content":false,"excerpt":false}}},"aioseo_notices":[],"_links":{"self":[{"href":"https:\/\/persoclo.fr\/en\/wp-json\/wp\/v2\/posts\/1939","targetHints":{"allow":["GET"]}}],"collection":[{"href":"https:\/\/persoclo.fr\/en\/wp-json\/wp\/v2\/posts"}],"about":[{"href":"https:\/\/persoclo.fr\/en\/wp-json\/wp\/v2\/types\/post"}],"author":[{"embeddable":true,"href":"https:\/\/persoclo.fr\/en\/wp-json\/wp\/v2\/users\/91"}],"replies":[{"embeddable":true,"href":"https:\/\/persoclo.fr\/en\/wp-json\/wp\/v2\/comments?post=1939"}],"version-history":[{"count":2,"href":"https:\/\/persoclo.fr\/en\/wp-json\/wp\/v2\/posts\/1939\/revisions"}],"predecessor-version":[{"id":1943,"href":"https:\/\/persoclo.fr\/en\/wp-json\/wp\/v2\/posts\/1939\/revisions\/1943"}],"wp:featuredmedia":[{"embeddable":true,"href":"https:\/\/persoclo.fr\/en\/wp-json\/wp\/v2\/media\/1941"}],"wp:attachment":[{"href":"https:\/\/persoclo.fr\/en\/wp-json\/wp\/v2\/media?parent=1939"}],"wp:term":[{"taxonomy":"category","embeddable":true,"href":"https:\/\/persoclo.fr\/en\/wp-json\/wp\/v2\/categories?post=1939"},{"taxonomy":"post_tag","embeddable":true,"href":"https:\/\/persoclo.fr\/en\/wp-json\/wp\/v2\/tags?post=1939"}],"curies":[{"name":"wp","href":"https:\/\/api.w.org\/{rel}","templated":true}]}}