{"id":1862,"date":"2016-02-13T20:17:38","date_gmt":"2016-02-13T19:17:38","guid":{"rendered":"http:\/\/persoclo.fr\/?p=1862"},"modified":"2016-02-13T20:17:38","modified_gmt":"2016-02-13T19:17:38","slug":"expo-wearable-cinq-vetements-qui-pourraient-revolutionner-lavenir-de-la-mode","status":"publish","type":"post","link":"https:\/\/persoclo.fr\/en\/expo-wearable-cinq-vetements-qui-pourraient-revolutionner-lavenir-de-la-mode\/","title":{"rendered":"Expo Wearable : cinq v\u00eatements qui pourraient r\u00e9volutionner l\u2019avenir de la mode"},"content":{"rendered":"<p>Post\u00e9 le <time class=\"updated\" datetime=\"2016-02-12\">12 f\u00e9vrier 2016<\/time> dans <a href=\"http:\/\/style.lesinrocks.com\/category\/news\/\" rel=\"category tag\">News<\/a>, par <a title=\"Articles par Anne-Sophie Valentin\" href=\"http:\/\/style.lesinrocks.com\/author\/annesophievalentin\/\" rel=\"author\">Anne-Sophie Valentin<\/a>\u00a0\u00a0<a id=\"follow-button\" class=\"btn\" title=\"Suivre @asophievalentin sur Twitter\" href=\"https:\/\/twitter.com\/intent\/follow?original_referer=http%3A%2F%2Fstyle.lesinrocks.com&amp;ref_src=twsrc%5Etfw&amp;region=follow_link&amp;screen_name=asophievalentin&amp;tw_p=followbutton\"><span id=\"l\" class=\"label\">Suivre <b>@asophievalentin<\/b> sur Twitter<\/span><\/a><\/p>\n<p>Cr\u00e9dit photo: sebastian pfutze<\/p>\n<p style=\"text-align: justify;\"><strong>Et si nos v\u00eatements pouvaient nous prot\u00e9ger ? Transmettre nos \u00e9motions ? Assainir la plan\u00e8te ? Jouer de la musique ? Autant d&#8217;interrogations que posent l&#8217;exposition Wearable, jusqu&#8217;\u00e0 dimanche \u00e0 la Ga\u00eet\u00e9 Lyrique, \u00e0 travers une quinzaine de prototypes de v\u00eatements futuristes. Cinq d&#8217;entres eux nous ont particuli\u00e8rement marqu\u00e9s. Nous vous les pr\u00e9sentons.<\/strong><\/p>\n<p style=\"text-align: justify;\">Les v\u00eatements d\u00e9passeront-ils un jour leurs fonctions premi\u00e8res ? Au lieu de simplement nous couvrir ou afficher notre style, ils pourraient par exemple nous prot\u00e9ger des autres, exprimer des sentiments cach\u00e9s, dialoguer entre eux et m\u00eame r\u00e9duire la pollution. C&#8217;est en tout cas ce que supposent les artistes r\u00e9unis \u00e0 la Ga\u00eet\u00e9 Lyrique, dans le cadre de l&#8217;<a href=\"https:\/\/gaite-lyrique.net\/weareable-lexposition\" target=\"_blank\">exposition Wearable<\/a>. Ils proposent des prototypes de v\u00eatements, \u00e0 la crois\u00e9e de la mode et des nouvelles technologies, qui pourraient r\u00e9volutionner notre rapport \u00e0 l&#8217;habillement. Malheureusement, <em>&#8220;m\u00eame si ces cr\u00e9ations interrogent l&#8217;avenir de la mode, elles ne sont, pour l&#8217;instant, pas vou\u00e9es \u00e0 \u00eatre distribu\u00e9es&#8221;<\/em>, pr\u00e9vient la commissaire de l&#8217;exposition Anne-Sophie Berard.<\/p>\n<p style=\"text-align: justify;\"><strong>La Spider Dress, la robe qui nous prot\u00e8ge de l&#8217;autre<\/strong><\/p>\n<p style=\"text-align: justify;\"><img loading=\"lazy\" decoding=\"async\" class=\"aligncenter size-full wp-image-1863\" src=\"http:\/\/persoclo.fr\/wp-content\/uploads\/2016\/02\/2-686x457.jpg\" alt=\"Photo\" width=\"686\" height=\"457\" srcset=\"https:\/\/persoclo.fr\/wp-content\/uploads\/2016\/02\/2-686x457.jpg 686w, https:\/\/persoclo.fr\/wp-content\/uploads\/2016\/02\/2-686x457-600x400.jpg 600w, https:\/\/persoclo.fr\/wp-content\/uploads\/2016\/02\/2-686x457-300x200.jpg 300w\" sizes=\"auto, (max-width: 686px) 100vw, 686px\" \/><\/p>\n<p style=\"text-align: justify;\">Comme son nom l&#8217;indique, Spider Dress a l&#8217;apparence d&#8217;une araign\u00e9e, avec ses billes noires, qui semblent nous regarder, et ses pattes crochues. Et gare \u00e0 celui qui voudrait l&#8217;attaquer ! Comme la b\u00eate, elle est capable de se d\u00e9fendre. Gr\u00e2ce \u00e0 des capteurs, elle peut sentir la disposition de la personne \u2013 sa respiration, la cadence de ses mouvements \u2013 qui lui fait face. Si celle-ci se montre nerveuse ou brutale, la robe-araign\u00e9e d\u00e9gaine ses pattes et ses yeux envoient des flash lumineux. A l&#8217;inverse, si l&#8217;autre reste calme, elle l&#8217;invite \u00e0 s&#8217;approcher en tendant une patte, tandis que son regard brille doucement.<\/p>\n<p style=\"text-align: justify;\">Montr\u00e9 pour la deuxi\u00e8me fois seulement, ce v\u00eatement est l&#8217;oeuvre de <a href=\"http:\/\/www.anoukwipprecht.nl\/\" target=\"_blank\">Anouk Wipprecht<\/a>,<em>&#8220;une grande figure de la fashion tech, qui travaille sur\u00a0l&#8217;intelligence artificielle du v\u00eatement&#8221;<\/em>, rapporte Anne-Sophie B\u00e9rard, commissaire de l&#8217;exposition. En proposant cette cr\u00e9ation, elle soul\u00e8ve la question de savoir\u00a0<em>&#8220;jusqu&#8217;o\u00f9 le v\u00eatement sera-t-il protecteur ?&#8221;\u00a0<\/em><\/p>\n<p style=\"text-align: justify;\"><strong>Caress of Gaze, une cape qui a la chaire de poule<\/strong><\/p>\n<p style=\"text-align: justify;\"><img loading=\"lazy\" decoding=\"async\" class=\"aligncenter size-full wp-image-1864\" src=\"http:\/\/persoclo.fr\/wp-content\/uploads\/2016\/02\/1-686x1029.jpg\" alt=\"1-686x1029\" width=\"686\" height=\"1029\" srcset=\"https:\/\/persoclo.fr\/wp-content\/uploads\/2016\/02\/1-686x1029.jpg 686w, https:\/\/persoclo.fr\/wp-content\/uploads\/2016\/02\/1-686x1029-600x900.jpg 600w, https:\/\/persoclo.fr\/wp-content\/uploads\/2016\/02\/1-686x1029-200x300.jpg 200w, https:\/\/persoclo.fr\/wp-content\/uploads\/2016\/02\/1-686x1029-683x1024.jpg 683w\" sizes=\"auto, (max-width: 686px) 100vw, 686px\" \/><\/p>\n<p>Comme la peau, cette cape, qui ressemble \u00e0 un h\u00e9risson, exprime une sensibilit\u00e9. Faite de petites plumes en plastique, elle se r\u00e9tracte ou se redresse, le bruit est alors le m\u00eame qu&#8217;un champ de bl\u00e9 secou\u00e9 par le vent. Au toucher, la texture rappelle la brosse \u00e0 cheveux \u00e0 picots. La r\u00e9action d\u00e9pend de l&#8217;intensit\u00e9 du regard qu&#8217;on lui porte. La cape le d\u00e9tecte gr\u00e2ce \u00e0 une petite cam\u00e9ra, laquelle envoie alors les informations aux \u00e9pines, qui r\u00e9agissent imm\u00e9diatement.<\/p>\n<p>C&#8217;est <a href=\"http:\/\/www.behnazfarahi.com\/\" target=\"_blank\">Behnaz Farahi<\/a>, artiste am\u00e9ricaine d&#8217;origine iranienne, qui propose cette innovation.<em>&#8220;Elle aussi s&#8217;interroge sur l&#8217;intelligence du v\u00eatement. Est-ce que le v\u00eatement sera capable de communiquer avec la personne en face de nous pendant que nous parlerons avec une autre ? R\u00e9pondra-t-il au v\u00eatement d&#8217;en face ? Sera-t-il plus sensible que nous ?&#8221;<\/em><\/p>\n<p><strong>Showpiece, la veste instrument de musique<\/strong><\/p>\n<p><iframe loading=\"lazy\" src=\"https:\/\/player.vimeo.com\/video\/123395885\" width=\"900\" height=\"506\" frameborder=\"0\" title=\"SHOWPIECE\" webkitallowfullscreen mozallowfullscreen allowfullscreen><\/iframe><\/p>\n<p style=\"text-align: justify;\">A premi\u00e8re vue, rien n&#8217;indique que de cette veste noire, cr\u00e9ation de <a href=\"http:\/\/yleniagortana.com\/\" target=\"_blank\">Ylenia Gortana<\/a> et du musicien<a href=\"http:\/\/www.bird-mask.com\/\" target=\"_blank\"> Birdmask<\/a>, puisse sortir une m\u00e9lodie. La coupe est graphique, minimaliste. Rien ne d\u00e9passe. Seule fantaisie, les 52 carr\u00e9s imprim\u00e9s sur le textile. Et c&#8217;est justement eux qui \u00e9mettent le son. Ces pads renferment en fait des capteurs, <em>&#8220;tous capable de g\u00e9n\u00e9rer un son propre&#8221;<\/em>. En tapant l\u00e9g\u00e8rement dessus et en jouant avec la fermeture \u00e9claire,<em>&#8220;l&#8217;utilisateur peut ainsi composer et jouer en live&#8221;<\/em>.<\/p>\n<p style=\"text-align: justify;\">A quand donc le musicien qui montera sur sc\u00e8ne, avec pour unique instrument, sa tenue ?<em>&#8220;C&#8217;est un vrai sujet dans la mode&#8221;<\/em>, rapporte la commissaire d&#8217;exposition. <em>&#8220;Il existe d\u00e9j\u00e0 un pantalon qui permet de jouer de la batterie.&#8221;<\/em> L&#8217;exposition pr\u00e9sente aussi un kimono &#8211; harpe. L&#8217;utilisateur n&#8217;a qu&#8217;\u00e0 d\u00e9ployer les pans de ses manches pour gratouiller les <em>&#8220;lignes conductrices&#8221;<\/em> qui font office de cordes. <em>&#8220;Les musiciens ont tr\u00e8s envie de s&#8217;emparer de ces v\u00eatements. Mais ils ne sont encore qu&#8217;\u00e0 l&#8217;\u00e9tat de prototype avec des technologies trop sensibles.&#8221;<\/em><\/p>\n<p style=\"text-align: justify;\"><strong>Like Living Organisms, la robe vivante<\/strong><\/p>\n<p style=\"text-align: justify;\"><img loading=\"lazy\" decoding=\"async\" class=\"aligncenter size-full wp-image-1865\" src=\"http:\/\/persoclo.fr\/wp-content\/uploads\/2016\/02\/Technosensual-031.jpg\" alt=\"Technosensual-031\" width=\"660\" height=\"600\" srcset=\"https:\/\/persoclo.fr\/wp-content\/uploads\/2016\/02\/Technosensual-031.jpg 660w, https:\/\/persoclo.fr\/wp-content\/uploads\/2016\/02\/Technosensual-031-600x545.jpg 600w, https:\/\/persoclo.fr\/wp-content\/uploads\/2016\/02\/Technosensual-031-300x273.jpg 300w\" sizes=\"auto, (max-width: 660px) 100vw, 660px\" \/><\/p>\n<p style=\"text-align: justify;\">\n<p style=\"text-align: justify;\">Cette cr\u00e9ation ne trouvera sans doute pas preneur gr\u00e2ce \u00e0 son esth\u00e9tique. A moins de vouloir ressembler \u00e0 un \u00eatre hybride issu du croisement entre <em><a href=\"http:\/\/www.allocine.fr\/film\/fichefilm_gen_cfilm=62.html\" target=\"_blank\">Alien<\/a><\/em> ou <em><a href=\"http:\/\/www.allocine.fr\/film\/fichefilm_gen_cfilm=2460.html\" target=\"_blank\">La Mouche<\/a><\/em> de Cronenberg. Rose, un peu granuleuse au toucher, la robe a les caract\u00e9ristiques d&#8217;une peau \u00e9paisse. Quand on s&#8217;en approche, <em>&#8220;elle se met \u00e0 vivre&#8221;. <\/em>Tandis qu&#8217;elle \u00e9met un fort bruit de respiration, ses <em>&#8220;nervures&#8221;<\/em> se mettent \u00e0 battre. L&#8217;artiste, Local Androids,<em> &#8220;s&#8217;est inspir\u00e9 des \u00e9mois qui nous animent quand on rencontre quelqu&#8217;un pour la premi\u00e8re fois&#8221;<\/em>. Ce n&#8217;est pas fini, s&#8217;il l&#8217;on reste \u00e0 c\u00f4t\u00e9, <em>&#8220;la tension monte et le pouls s&#8217;acc\u00e9l\u00e8re&#8221;<\/em>. Les parties lat\u00e9rales du cou, <em>&#8220;une zone tr\u00e8s \u00e9rog\u00e8ne&#8221;<\/em>, se mettent \u00e0 gonfler. <em>&#8220;La robe fait le paon&#8221;<\/em>. Pour la calmer, il faut la toucher, <em>&#8220;la caresser&#8221;. <\/em>Et quand, on la l\u00e2che,<em> &#8220;elle comprend que l&#8217;on s&#8217;en va et va donc attendre de pouvoir s\u00e9duire quelqu&#8217;un d&#8217;autre&#8221;.<\/em><\/p>\n<p style=\"text-align: justify;\">Fascinante et d\u00e9rangeante \u00e0 la fois, Like Livings Organisms serait destin\u00e9e \u00e0 nous servir de seconde peau, et ainsi, \u00e0 <em>&#8220;rejoindre le monde des vivants&#8221;<\/em>.<\/p>\n<p style=\"text-align: justify;\"><strong>Herself Dress, la robe anti-pollution\u00a0<\/strong><\/p>\n<p style=\"text-align: justify;\"><img loading=\"lazy\" decoding=\"async\" class=\"aligncenter size-full wp-image-1866\" src=\"http:\/\/persoclo.fr\/wp-content\/uploads\/2016\/02\/Erin-OConnor-as-HERSELF1-686x457.jpg\" alt=\"Erin-OConnor-as-HERSELF1-686x457\" width=\"686\" height=\"457\" srcset=\"https:\/\/persoclo.fr\/wp-content\/uploads\/2016\/02\/Erin-OConnor-as-HERSELF1-686x457.jpg 686w, https:\/\/persoclo.fr\/wp-content\/uploads\/2016\/02\/Erin-OConnor-as-HERSELF1-686x457-600x400.jpg 600w, https:\/\/persoclo.fr\/wp-content\/uploads\/2016\/02\/Erin-OConnor-as-HERSELF1-686x457-300x200.jpg 300w\" sizes=\"auto, (max-width: 686px) 100vw, 686px\" \/><\/p>\n<p style=\"text-align: justify;\">\n<p style=\"text-align: justify;\">Ajust\u00e9e \u00e0 la taille, moulante sur les hanches, \u00e9vas\u00e9e en bas, Herself Dress pourrait tout \u00e0 fait se porter pour une soir\u00e9e chic. Sauf qu&#8217;il faudrait pour cela supporter ses 40 kilos, \u00e0 cause de l&#8217;argile qui la recouvre. Car sans elle, la robe perd tout son int\u00e9r\u00eat, celui de peut-\u00eatre sauver notre plan\u00e8te. Comme est-ce possible ? <em>&#8220;Cette patte\u00a0contient du <a href=\"http:\/\/www.toutvert.fr\/catclo-et-nos-vetements-purifient-lair\/\" target=\"_blank\">CatClo<\/a>, une substance qui capte et pi\u00e8ge les gaz carboniques qui se prom\u00e8nent dans l&#8217;air&#8221;<\/em>, explique Anne-Sophie B\u00e9rard.<\/p>\n<p style=\"text-align: justify;\">L&#8217;artiste anglaise\u00a0<a href=\"http:\/\/www.helenstoreyfoundation.org\/\">Helen Storey<\/a>\u00a0travaille sur ce concept depuis des ann\u00e9es, en collaboration avec le scientifique Tony Ryan. Elle a par ailleurs r\u00e9cemment cr\u00e9\u00e9 une lessive \u00e0 base de CatClo. Une personne qui porterait un v\u00eatement lav\u00e9 avec du cette substance serait capable d&#8217;\u00e9liminer environ 5 grammes d&#8217;oxyde d&#8217;azote de l&#8217;atmosph\u00e8re, soit l&#8217;\u00e9quivalent de ce que rejettent chaque jour la plupart des voitures. <em>\u00a0&#8220;Selon l&#8217;artiste,\u00a0il suffirait que l\u2019on porte tous des v\u00eatements lav\u00e9s avec sa lessive pour que le niveau de la pollution chute de fa\u00e7on significative.&#8221; <\/em>Mais qu&#8217;en serait-il du porteur ?<em> &#8220;L&#8217;additif serait sans danger pour sa sant\u00e9, et ne poserait aucun probl\u00e8me de confort.&#8221;<\/em><\/p>\n<p style=\"text-align: justify;\">L&#8217;exposition a lieu dans le cadre du Fashion Tech Festival, qui propose par ailleurs toute<a href=\"https:\/\/gaite-lyrique.net\/rencontres\" target=\"_blank\">une s\u00e9rie rencontres<\/a> sur l&#8217;avenir de la mode et un <a href=\"https:\/\/gaite-lyrique.net\/fablab-weareable\" target=\"_blank\">fab lab<\/a>. Chaque jour un designer est invit\u00e9 et propose un atelier de fabrication.\u00a0<a href=\"https:\/\/gaite-lyrique.net\/\" target=\"_blank\">Jusqu&#8217;au 14 f\u00e9vrier \u00e0 la Ga\u00eet\u00e9 Lyrique<\/a>.<\/p>\n<p style=\"text-align: justify;\">\n<p>http:\/\/style.lesinrocks.com\/2016\/02\/12\/expo-wearable-cinq-vetements-qui-pourraient-revolutionner-lavenir-de-la-mode\/<\/p>\n","protected":false},"excerpt":{"rendered":"<p>Post\u00e9 le 12 f\u00e9vrier 2016 dans News, par Anne-Sophie Valentin\u00a0\u00a0Suivre @asophievalentin sur Twitter Cr\u00e9dit photo: sebastian pfutze Et si nos v\u00eatements pouvaient nous prot\u00e9ger ? Transmettre nos \u00e9motions ? Assainir [&hellip;]<\/p>\n","protected":false},"author":91,"featured_media":1867,"comment_status":"open","ping_status":"open","sticky":false,"template":"","format":"standard","meta":{"footnotes":""},"categories":[20],"tags":[191],"class_list":["post-1862","post","type-post","status-publish","format-standard","has-post-thumbnail","hentry","category-persomag","tag-expo-wearable"],"translation":{"provider":"WPGlobus","version":"3.0.2","language":"en","enabled_languages":["fr","en"],"languages":{"fr":{"title":true,"content":true,"excerpt":false},"en":{"title":false,"content":false,"excerpt":false}}},"aioseo_notices":[],"_links":{"self":[{"href":"https:\/\/persoclo.fr\/en\/wp-json\/wp\/v2\/posts\/1862","targetHints":{"allow":["GET"]}}],"collection":[{"href":"https:\/\/persoclo.fr\/en\/wp-json\/wp\/v2\/posts"}],"about":[{"href":"https:\/\/persoclo.fr\/en\/wp-json\/wp\/v2\/types\/post"}],"author":[{"embeddable":true,"href":"https:\/\/persoclo.fr\/en\/wp-json\/wp\/v2\/users\/91"}],"replies":[{"embeddable":true,"href":"https:\/\/persoclo.fr\/en\/wp-json\/wp\/v2\/comments?post=1862"}],"version-history":[{"count":1,"href":"https:\/\/persoclo.fr\/en\/wp-json\/wp\/v2\/posts\/1862\/revisions"}],"predecessor-version":[{"id":1868,"href":"https:\/\/persoclo.fr\/en\/wp-json\/wp\/v2\/posts\/1862\/revisions\/1868"}],"wp:featuredmedia":[{"embeddable":true,"href":"https:\/\/persoclo.fr\/en\/wp-json\/wp\/v2\/media\/1867"}],"wp:attachment":[{"href":"https:\/\/persoclo.fr\/en\/wp-json\/wp\/v2\/media?parent=1862"}],"wp:term":[{"taxonomy":"category","embeddable":true,"href":"https:\/\/persoclo.fr\/en\/wp-json\/wp\/v2\/categories?post=1862"},{"taxonomy":"post_tag","embeddable":true,"href":"https:\/\/persoclo.fr\/en\/wp-json\/wp\/v2\/tags?post=1862"}],"curies":[{"name":"wp","href":"https:\/\/api.w.org\/{rel}","templated":true}]}}