{"id":1859,"date":"2016-02-10T15:48:51","date_gmt":"2016-02-10T14:48:51","guid":{"rendered":"http:\/\/persoclo.fr\/?p=1859"},"modified":"2016-02-20T20:52:37","modified_gmt":"2016-02-20T19:52:37","slug":"gerard-ravouna-il-faut-que-la-filiere-textile-puisse-peser-plus-lourd","status":"publish","type":"post","link":"https:\/\/persoclo.fr\/en\/gerard-ravouna-il-faut-que-la-filiere-textile-puisse-peser-plus-lourd\/","title":{"rendered":"G\u00e9rard Ravouna : \u00ab Il faut que la fili\u00e8re textile puisse peser plus lourd \u00bb"},"content":{"rendered":"<div class=\"contentText\">\n<blockquote class=\"question\"><p>Photo Jo\u00ebl PHILIPPON<\/p><\/blockquote>\n<blockquote class=\"question\"><p>En ce d\u00e9but d\u2019ann\u00e9e 2016, comment se porte la fili\u00e8re mode et habillement Rh\u00f4ne-Alpes ?<\/p><\/blockquote>\n<p>Sans surprise, elle est toujours en crise. Notre principale pr\u00e9occupation c\u2019est le financement de nos entreprises. Les banques sont toujours extr\u00eamement frileuses lorsque l\u2019on parle de textile, d\u2019habillement ; elles ne veulent surtout pas prendre de risques. De nombreuses bo\u00eetes se retrouvent donc dans des situations d\u00e9licates ; sans des fonds, sans des investisseurs, je crois que des entreprises importantes de la fili\u00e8re seraient mortes.<\/p>\n<p>Le secteur souffre parce qu\u2019il est frein\u00e9 dans ses d\u00e9veloppements, parce que nos charges de personnel sont encore et toujours trop lourdes dans un contexte de concurrence mondiale. Et face \u00e0 cela, il est difficile de lutter \u00e0 armes \u00e9gales. La fili\u00e8re mode habillement en Rh\u00f4ne-Alpes Auvergne c\u2019est environ 450 entreprises, 1 000 marques, c\u2019est 4 000 emplois lorsque la fili\u00e8re en comptait plus de 20 000 il y a quinze-vingt ans.<\/p>\n<blockquote class=\"question\"><p>Une fili\u00e8re en perdition alors qu\u2019elle est la plus grosse r\u00e9gion de France en la mati\u00e8re ?<\/p><\/blockquote>\n<p>Oui, nous sommes la plus grande r\u00e9gion de France pour la concentration des entreprises d\u2019habillement et de mode. Nos cr\u00e9ateurs, nos fabricants sont pr\u00e9sents dans tous les segments, l\u2019homme, la femme, l\u2019enfant, le sport, la lingerie etc. Mais face \u00e0 la concurrence mondiale, on \u00e9prouve de grosses difficult\u00e9s. Le march\u00e9 se partage entre l\u2019entr\u00e9e de gamme des Primark, Zara, H &amp; M etc. et le haut de gamme qui peut se permettre de relocaliser un peu en rognant sur ses marges.<\/p>\n<blockquote class=\"question\"><p>Des marges qui ne cessent d\u2019\u00eatre r\u00e9duites au risque de faire p\u00e9ricliter les entreprises ?<\/p><\/blockquote>\n<p>Oui, les co\u00fbts de fabrication augmentent m\u00eame dans les pays \u00e0 bas co\u00fbt et les marges baissent, il est donc difficile de sortir la t\u00eate de l\u2019eau. Tous les jours, des entreprises de la fili\u00e8re ferment mais tous les jours il s\u2019en remonte parce que la fili\u00e8re exerce une fascination extraordinaire.<\/p>\n<blockquote class=\"question\"><p>Comment enrayer cette morosit\u00e9 ?<\/p><\/blockquote>\n<p>Il y en a marre de ces \u00e9coles de mode qui se montent, forment des stylistes, des mod\u00e9listes, dont nous n\u2019avons pas besoin. Aujourd\u2019hui, nous avons besoin de vendeurs de pr\u00eat-\u00e0-porter, tout le monde en cherche. Aussi, il faut que la fili\u00e8re tout enti\u00e8re puisse peser plus lourd, que nous nous unissions avec les acteurs de l\u2019industrie textile, les d\u00e9taillants. Il faut que nous jouions group\u00e9s pour peser plus lourd vis-\u00e0-vis des pouvoirs publics. Il faut que la volont\u00e9 d\u2019union de toute la fili\u00e8re l\u2019emporte parce qu\u2019il y a urgence.<\/p>\n<h4>Age<\/h4>\n<p>68 ans<\/p>\n<p><strong>Formation<\/strong><\/p>\n<p>\u00ab Je suis autodidacte, j\u2019ai 50 ans de mode derri\u00e8re moi \u00bb.<\/p>\n<p><strong>Fonctions<\/strong><\/p>\n<p>Pr\u00e9sident des industries Mode &amp; Habillement Rh\u00f4ne-Alpes-Auvergne, premier vice-pr\u00e9sident de la F\u00e9d\u00e9ration fran\u00e7aise du pr\u00eat-\u00e0-porter f\u00e9minin.<\/p>\n<p><strong>Son plus<\/strong><\/p>\n<p>\u00ab \u00catre en mode passion \u00bb.<\/p>\n<h4>Sa devise<\/h4>\n<p>\u00ab Faisons preuve de cr\u00e9ativit\u00e9 \u00bb.<\/p>\n<\/div>\n<p class=\"author\">PROPOS RECUEILLIS PAR FRANCK BENSAID<\/p>\n<p>http:\/\/www.leprogres.fr\/economie\/2016\/02\/09\/gerard-ravouna-il-faut-que-la-filiere-textile-puisse-peser-plus-lourd<\/p>\n","protected":false},"excerpt":{"rendered":"<p>Photo Jo\u00ebl PHILIPPON En ce d\u00e9but d\u2019ann\u00e9e 2016, comment se porte la fili\u00e8re mode et habillement Rh\u00f4ne-Alpes ? Sans surprise, elle est toujours en crise. Notre principale pr\u00e9occupation c\u2019est le [&hellip;]<\/p>\n","protected":false},"author":91,"featured_media":1860,"comment_status":"open","ping_status":"open","sticky":false,"template":"","format":"standard","meta":{"footnotes":""},"categories":[20],"tags":[198],"class_list":["post-1859","post","type-post","status-publish","format-standard","has-post-thumbnail","hentry","category-persomag","tag-economie"],"translation":{"provider":"WPGlobus","version":"3.0.2","language":"en","enabled_languages":["fr","en"],"languages":{"fr":{"title":true,"content":true,"excerpt":false},"en":{"title":false,"content":false,"excerpt":false}}},"aioseo_notices":[],"_links":{"self":[{"href":"https:\/\/persoclo.fr\/en\/wp-json\/wp\/v2\/posts\/1859","targetHints":{"allow":["GET"]}}],"collection":[{"href":"https:\/\/persoclo.fr\/en\/wp-json\/wp\/v2\/posts"}],"about":[{"href":"https:\/\/persoclo.fr\/en\/wp-json\/wp\/v2\/types\/post"}],"author":[{"embeddable":true,"href":"https:\/\/persoclo.fr\/en\/wp-json\/wp\/v2\/users\/91"}],"replies":[{"embeddable":true,"href":"https:\/\/persoclo.fr\/en\/wp-json\/wp\/v2\/comments?post=1859"}],"version-history":[{"count":1,"href":"https:\/\/persoclo.fr\/en\/wp-json\/wp\/v2\/posts\/1859\/revisions"}],"predecessor-version":[{"id":1861,"href":"https:\/\/persoclo.fr\/en\/wp-json\/wp\/v2\/posts\/1859\/revisions\/1861"}],"wp:featuredmedia":[{"embeddable":true,"href":"https:\/\/persoclo.fr\/en\/wp-json\/wp\/v2\/media\/1860"}],"wp:attachment":[{"href":"https:\/\/persoclo.fr\/en\/wp-json\/wp\/v2\/media?parent=1859"}],"wp:term":[{"taxonomy":"category","embeddable":true,"href":"https:\/\/persoclo.fr\/en\/wp-json\/wp\/v2\/categories?post=1859"},{"taxonomy":"post_tag","embeddable":true,"href":"https:\/\/persoclo.fr\/en\/wp-json\/wp\/v2\/tags?post=1859"}],"curies":[{"name":"wp","href":"https:\/\/api.w.org\/{rel}","templated":true}]}}