{"id":1856,"date":"2016-02-09T01:31:30","date_gmt":"2016-02-09T00:31:30","guid":{"rendered":"http:\/\/persoclo.fr\/?p=1856"},"modified":"2016-02-09T01:31:30","modified_gmt":"2016-02-09T00:31:30","slug":"turquie-des-enfants-syriens-exploites-par-de-celebres-marques-de-vetements","status":"publish","type":"post","link":"https:\/\/persoclo.fr\/en\/turquie-des-enfants-syriens-exploites-par-de-celebres-marques-de-vetements\/","title":{"rendered":"Turquie: Des enfants syriens exploit\u00e9s par de c\u00e9l\u00e8bres marques de v\u00eatements"},"content":{"rendered":"<p><strong class=\"hat-label\">SOCIETE<\/strong> <span class=\"hat-summary\">Du c\u00f4t\u00e9 de chez H&amp;M, on assure que la collaboration avec les usines incrimin\u00e9es a cess\u00e9 imm\u00e9diatement&#8230;<\/span><\/p>\n<p>Les usines turques de plusieurs grandes marques de textile mondialement connues sont accus\u00e9es par <a href=\"http:\/\/business-humanrights.org\/fr\/turquie-des-grandes-marques-identifient-des-r%C3%A9fugi%C3%A9s-mineurs-syriens-dans-les-usines-produisant-leurs-v%C3%AAtements\">l\u2019ONG Business\u00a0and\u00a0Human Rights Resource Centre<\/a> de compter parmi leurs employ\u00e9s <a href=\"http:\/\/www.20minutes.fr\/monde\/syrie\/1644251-20150702-travail-enfants-syriens-atteint-proportions-alarmantes\">des enfants syriens, arriv\u00e9s dans le pays en tant que r\u00e9fugi\u00e9s.<\/a><\/p>\n<h2>\u00ab\u00a0Prot\u00e9ger les r\u00e9fugi\u00e9s dans leur cha\u00eene de production\u00a0\u00bb<\/h2>\n<p>L\u2019organisation, dont le rapport publi\u00e9, ce lundi, a jet\u00e9 un nouveau pav\u00e9 dans la mare du pr\u00eat-\u00e0-porter, d\u00e9plore d\u2019ailleurs que \u00ab\u00a0peu de grandes marques de v\u00eatements prennent les mesures n\u00e9cessaires pour prot\u00e9ger les r\u00e9fugi\u00e9s dans leur cha\u00eene de production\u00a0\u00bb.<\/p>\n<p>Sp\u00e9cialis\u00e9e dans les recherches sur l\u2019\u00e9thique des grands groupes industriels,<a href=\"http:\/\/business-humanrights.org\/fr\/turquie-des-grandes-marques-identifient-des-r%C3%A9fugi%C3%A9s-mineurs-syriens-dans-les-usines-produisant-leurs-v%C3%AAtements\" target=\"_blank\">Business\u00a0and\u00a0Human Rights Resource Centre<\/a>\u00a0s\u2019est donc f\u00e9licit\u00e9e de la r\u00e9action de\u00a0deux g\u00e9ants mondiaux du textile cit\u00e9s dans le rapport. Next et H &amp; M ont, en effet, imm\u00e9diatement d\u00e9cid\u00e9\u00a0de mettre\u00a0un terme au travail d\u2019enfants sur les cha\u00eenes de production\u00a0de trois usines turques appartenant \u00e0 leurs fournisseurs (deux pour\u00a0Next et une pour H &amp; M).<\/p>\n<h2>Burberry, ASOS, Hugo Boss ou Marks &amp; Spencer<\/h2>\n<p>Une volont\u00e9\u00a0r\u00e9elle puisque Next a d\u2019embl\u00e9e envoy\u00e9 \u00e0 tous ses sous-traitants un code de conduite insistant sur l\u2019interdiction d\u2019employer <a href=\"http:\/\/www.20minutes.fr\/tv\/afp-actus\/199713-en-birmanie-des-millions-d-enfants-au-travail\">des travailleurs sans permis<\/a>, parmi lesquels\u00a0les enfants. Du c\u00f4t\u00e9 de chez H &amp; M, on assure que la collaboration avec les usines incrimin\u00e9es a cess\u00e9 imm\u00e9diatement.<\/p>\n<p>Une r\u00e9action que\u00a0l\u2019ONG aurait aim\u00e9 constater\u00a0chez l\u2019ensemble des 28 marques\u00a0<a href=\"http:\/\/business-humanrights.org\/en\/responses-by-garment-brands-to-our-questionnaire-on-the-treatment-of-syrian-refugees-in-turkish-supplier-factories#c132161\" target=\"_blank\">contact\u00e9es pour un questionnaire pr\u00e9liminaire sur le sujet<\/a>. Parmi ces marques, quatorze\u00a0n\u2019ont pas souhait\u00e9 r\u00e9pondre. Il s\u2019agit entre autres de\u00a0Burberry, de ASOS, de Hugo Boss ou de Marks &amp; Spencer.<\/p>\n<p>Pour rappel, plus de 10.000 enfants migrants non accompagn\u00e9s ont disparu<a href=\"http:\/\/www.leparisien.fr\/international\/plus-de-10-000-enfants-migrants-portes-disparus-en-europe-31-01-2016-5502105.php\" target=\"_blank\">\u00a0<\/a>en Europe sur les 18 \u00e0 24 derniers mois, a affirm\u00e9, ce dimanche, l\u2019agence de coordination polici\u00e8re Europol. Une agence qui craint\u00a0que nombre d\u2019entre eux soient exploit\u00e9s, notamment sexuellement, par le crime organis\u00e9.<\/p>\n","protected":false},"excerpt":{"rendered":"<p>SOCIETE Du c\u00f4t\u00e9 de chez H&amp;M, on assure que la collaboration avec les usines incrimin\u00e9es a cess\u00e9 imm\u00e9diatement&#8230; Les usines turques de plusieurs grandes marques de textile mondialement connues sont [&hellip;]<\/p>\n","protected":false},"author":91,"featured_media":1857,"comment_status":"open","ping_status":"open","sticky":false,"template":"","format":"standard","meta":{"footnotes":""},"categories":[20],"tags":[190],"class_list":["post-1856","post","type-post","status-publish","format-standard","has-post-thumbnail","hentry","category-persomag","tag-h-m"],"translation":{"provider":"WPGlobus","version":"3.0.2","language":"en","enabled_languages":["fr","en"],"languages":{"fr":{"title":true,"content":true,"excerpt":false},"en":{"title":false,"content":false,"excerpt":false}}},"aioseo_notices":[],"_links":{"self":[{"href":"https:\/\/persoclo.fr\/en\/wp-json\/wp\/v2\/posts\/1856","targetHints":{"allow":["GET"]}}],"collection":[{"href":"https:\/\/persoclo.fr\/en\/wp-json\/wp\/v2\/posts"}],"about":[{"href":"https:\/\/persoclo.fr\/en\/wp-json\/wp\/v2\/types\/post"}],"author":[{"embeddable":true,"href":"https:\/\/persoclo.fr\/en\/wp-json\/wp\/v2\/users\/91"}],"replies":[{"embeddable":true,"href":"https:\/\/persoclo.fr\/en\/wp-json\/wp\/v2\/comments?post=1856"}],"version-history":[{"count":1,"href":"https:\/\/persoclo.fr\/en\/wp-json\/wp\/v2\/posts\/1856\/revisions"}],"predecessor-version":[{"id":1858,"href":"https:\/\/persoclo.fr\/en\/wp-json\/wp\/v2\/posts\/1856\/revisions\/1858"}],"wp:featuredmedia":[{"embeddable":true,"href":"https:\/\/persoclo.fr\/en\/wp-json\/wp\/v2\/media\/1857"}],"wp:attachment":[{"href":"https:\/\/persoclo.fr\/en\/wp-json\/wp\/v2\/media?parent=1856"}],"wp:term":[{"taxonomy":"category","embeddable":true,"href":"https:\/\/persoclo.fr\/en\/wp-json\/wp\/v2\/categories?post=1856"},{"taxonomy":"post_tag","embeddable":true,"href":"https:\/\/persoclo.fr\/en\/wp-json\/wp\/v2\/tags?post=1856"}],"curies":[{"name":"wp","href":"https:\/\/api.w.org\/{rel}","templated":true}]}}