{"id":1819,"date":"2016-01-28T02:47:11","date_gmt":"2016-01-28T01:47:11","guid":{"rendered":"http:\/\/persoclo.fr\/?p=1819"},"modified":"2016-01-28T02:47:11","modified_gmt":"2016-01-28T01:47:11","slug":"la-soiree-vetements-a-paris","status":"publish","type":"post","link":"https:\/\/persoclo.fr\/en\/la-soiree-vetements-a-paris\/","title":{"rendered":"Le fabricant de v\u00eatements en cuir Vallereuil en liquidation judiciaire"},"content":{"rendered":"<div class=\"grid-u-1\">\n<section class=\"article \">\n<figure class=\"hmedia marged-bottom\"><span class=\"fn\">Il ne restait que sept salari\u00e9s dans l&#8217;entreprise de Gravelle.<\/span> <em>\u00a9<\/em>PHOTO ARCHIVES ARNAUD LOTH<\/figure>\n<\/section>\n<\/div>\n<div class=\"grid-u-2-3\">\n<h2 class=\"entry-summary\">La soci\u00e9t\u00e9 d&#8217;Annesse-et-Beaulieu n&#8217;a pas trouv\u00e9 de repreneur<\/h2>\n<div class=\"entry-content\">\n<p><span class=\"lettrine\">L<\/span>e tribunal de commerce de P\u00e9rigueux a prononc\u00e9 la liquidation judiciaire de l&#8217;entreprise Vallereuil, ce mardi.<\/p>\n<p>Plac\u00e9e en redressement judiciaire en mars 2015, la p\u00e9riode d&#8217;observation avait \u00e9t\u00e9 prolong\u00e9e en octobre. Las, le<strong>fabricant de v\u00eatements en cuir<\/strong>\u00a0\u00e9tabli \u00e0 Gravelle, \u00e0 Annesse-et-Beaulieu, et cr\u00e9\u00e9 en 1970, n&#8217;a pas trouv\u00e9 de repreneur.<\/p>\n<p>Malgr\u00e9 la chute de l&#8217;effectif (de 16 salari\u00e9s \u00e0 sept), le passif \u00e9tait trop \u00e9lev\u00e9 et le chiffre d&#8217;affaires en chute libre.<\/p>\n<\/div>\n<\/div>\n<p style=\"text-align: justify;\">\n<p style=\"text-align: justify;\">Publi\u00e9 le 27\/01\/2016 . Mis \u00e0 jour \u00e0 09h15 par SudOuest.fr Dordogne<\/p>\n<p style=\"text-align: justify;\">\n","protected":false},"excerpt":{"rendered":"<p>Il ne restait que sept salari\u00e9s dans l&#8217;entreprise de Gravelle. \u00a9PHOTO ARCHIVES ARNAUD LOTH La soci\u00e9t\u00e9 d&#8217;Annesse-et-Beaulieu n&#8217;a pas trouv\u00e9 de repreneur Le tribunal de commerce de P\u00e9rigueux a prononc\u00e9 [&hellip;]<\/p>\n","protected":false},"author":91,"featured_media":1820,"comment_status":"open","ping_status":"open","sticky":false,"template":"","format":"standard","meta":{"footnotes":""},"categories":[20],"tags":[187],"class_list":["post-1819","post","type-post","status-publish","format-standard","has-post-thumbnail","hentry","category-persomag","tag-vallereuil"],"translation":{"provider":"WPGlobus","version":"3.0.2","language":"en","enabled_languages":["fr","en"],"languages":{"fr":{"title":true,"content":true,"excerpt":false},"en":{"title":false,"content":false,"excerpt":false}}},"aioseo_notices":[],"_links":{"self":[{"href":"https:\/\/persoclo.fr\/en\/wp-json\/wp\/v2\/posts\/1819","targetHints":{"allow":["GET"]}}],"collection":[{"href":"https:\/\/persoclo.fr\/en\/wp-json\/wp\/v2\/posts"}],"about":[{"href":"https:\/\/persoclo.fr\/en\/wp-json\/wp\/v2\/types\/post"}],"author":[{"embeddable":true,"href":"https:\/\/persoclo.fr\/en\/wp-json\/wp\/v2\/users\/91"}],"replies":[{"embeddable":true,"href":"https:\/\/persoclo.fr\/en\/wp-json\/wp\/v2\/comments?post=1819"}],"version-history":[{"count":1,"href":"https:\/\/persoclo.fr\/en\/wp-json\/wp\/v2\/posts\/1819\/revisions"}],"predecessor-version":[{"id":1821,"href":"https:\/\/persoclo.fr\/en\/wp-json\/wp\/v2\/posts\/1819\/revisions\/1821"}],"wp:featuredmedia":[{"embeddable":true,"href":"https:\/\/persoclo.fr\/en\/wp-json\/wp\/v2\/media\/1820"}],"wp:attachment":[{"href":"https:\/\/persoclo.fr\/en\/wp-json\/wp\/v2\/media?parent=1819"}],"wp:term":[{"taxonomy":"category","embeddable":true,"href":"https:\/\/persoclo.fr\/en\/wp-json\/wp\/v2\/categories?post=1819"},{"taxonomy":"post_tag","embeddable":true,"href":"https:\/\/persoclo.fr\/en\/wp-json\/wp\/v2\/tags?post=1819"}],"curies":[{"name":"wp","href":"https:\/\/api.w.org\/{rel}","templated":true}]}}