{"id":1789,"date":"2016-01-26T21:36:52","date_gmt":"2016-01-26T20:36:52","guid":{"rendered":"http:\/\/persoclo.fr\/?p=1789"},"modified":"2016-01-26T21:36:52","modified_gmt":"2016-01-26T20:36:52","slug":"the-faraday-project-des-vetements-contre-les-ondes-et-les-hackers","status":"publish","type":"post","link":"https:\/\/persoclo.fr\/en\/the-faraday-project-des-vetements-contre-les-ondes-et-les-hackers\/","title":{"rendered":"The Faraday Project : des v\u00eatements contre les ondes et les hackers"},"content":{"rendered":"<div class=\"image_principale\">\n<div class=\"image_label\" style=\"text-align: justify;\">La collection de cette start-up vise les urbains connect\u00e9s. [\u00a9 The Faraday Project]<\/div>\n<div class=\"clear\" style=\"text-align: justify;\"><\/div>\n<\/div>\n<div id=\"content-article\">\n<div id=\"aside_actions_items\" class=\"sticky\" style=\"text-align: justify;\"><a class=\"dm_article_btn btn_twtr\" href=\"https:\/\/twitter.com\/intent\/tweet?original_referer=http%3A%2F%2Fwww.directmatin.fr%2Fhi-tech%2F2016-01-26%2Ffaraday-project-des-vetements-contre-les-ondes-et-les-hackers-721310&amp;ref_src=twsrc%5Etfw&amp;text=The+Faraday+Project+%3A+des+v%C3%AAtements+contre+les+ondes+et+les+hackers&amp;tw_p=tweetbutton&amp;url=http%3A%2F%2Fwww.directmatin.fr%2Fhi-tech%2F2016-01-26%2Ffaraday-project-des-vetements-contre-les-ondes-et-les-hackers-721310\">Twitter<\/a><a class=\"dm_article_btn btn_fcbk\" href=\"https:\/\/www.facebook.com\/sharer\/sharer.php\">Facebook<\/a><a class=\"dm_article_btn btn_gplus\" href=\"https:\/\/plus.google.com\/share\">GooglePlus<\/a><a class=\"dm_article_btn btn_pinterest\" href=\"http:\/\/www.pinterest.com\/\" data-pin-do=\"buttonPin\" data-pin-config=\"none\">Pinterest<\/a><a class=\"dm_article_btn btn_lkdn\" href=\"http:\/\/www.linkedin.com\/shareArticle\">Linkedin<\/a><\/div>\n<div style=\"text-align: justify;\"><\/div>\n<div class=\"article-body\">\n<div class=\"field field-type-text-with-summary\">\n<p style=\"text-align: justify;\">Prot\u00e9ger son corps contre les ondes \u00e9mises par nos smartphones, mais aussi se prot\u00e9ger contre les tentatives de piratage. Voici le leitmotiv de la nouvelle marque de v\u00eatements fran\u00e7aise The Faraday Project. La start-up vient de lancer sa premi\u00e8re collection durant la Fashion Week.<\/p>\n<p style=\"text-align: justify;\">Cette soci\u00e9t\u00e9 tire son nom du c\u00e9l\u00e8bre scientifique <a href=\"https:\/\/fr.wikipedia.org\/wiki\/Cage_de_Faraday\" target=\"_blank\">Michael Faraday<\/a> et sa fameuse cage qui vise \u00e0 isoler des nuisances \u00e9lectriques. Bas\u00e9e \u00e0 Neuilly-sur-Seine, elle a brevet\u00e9 une<a href=\"http:\/\/www.directmatin.fr\/vie-numerique\" target=\"_blank\">nouvelle technologie<\/a> afin de concevoir des habits et des porte-feuilles disposant de poches cousues avec du fil d&#8217;argent. Ses propri\u00e9t\u00e9s permettent d&#8217;isoler tout appareil connect\u00e9, dontles smartphones, ou cartes contenant des puces RFID ou NFC. R\u00e9sultat, celui-ci n&#8217;\u00e9met pas d&#8217;ondes en dehors de la poche et ne peut aussi en recevoir.<\/p>\n<p style=\"text-align: justify;\">Ce mat\u00e9riau rend vaine toute tentative de <a href=\"http:\/\/www.directmatin.fr\/piratage\" target=\"_blank\">piratage<\/a>, puisqu&#8217;il est impossible de retirer des donn\u00e9es m\u00eame en utilisant la m\u00e9thode du sniffing que les hackers pourraient utiliser pour se connecter \u00e0 distance. Autre avantage se prot\u00e9ger des effets potentiellement nocifs des <a href=\"http:\/\/www.directmatin.fr\/ondes\" target=\"_blank\">ondes \u00e9mises<\/a> par nos smartphones. La marque reverse d&#8217;ailleurs 10 dollars \u00e0 l&#8217;UICC (Union for international cancer control) pour soutenir leur combat.<\/p>\n<h3 class=\"dm_article-paragraph-title-2\" style=\"text-align: justify;\">Une collection premium<\/h3>\n<p style=\"text-align: justify;\">Avec cette collection in\u00e9dite, <a href=\"http:\/\/thefaradayproject.com\/concept\/\" target=\"_blank\">The Faraday Project<\/a> compte s\u00e9duire les urbains connect\u00e9s. La ligne de <a href=\"http:\/\/www.directmatin.fr\/beaute-mode\" target=\"_blank\">v\u00eatements<\/a> se veut haut-de-gamme, avec des tarifs relativement \u00e9lev\u00e9s (290 \u20ac le jean). Des bonnets sont m\u00eame propos\u00e9s suivant ce principe. Tous sont r\u00e9sistants et se lavent dans les m\u00eames conditions qu&#8217;un habit normal.<\/p>\n<p style=\"text-align: justify;\">Fond\u00e9e il y a 18 mois seulement, The Faraday Project peut d\u00e9j\u00e0 se pr\u00e9valoir du label French Tech. S&#8217;il est possible de commander en ligne cette premi\u00e8re collection, celle-ci sera mise en vente dans deux boutiques parisiennes tendance (L&#8217;Exception (10e) et La Gar\u00e7onni\u00e8re (2e)) \u00e0 partir du 1er mars.<\/p>\n<div class=\"auteur\"><span class=\"author\">Par Direct Matin,<\/span> <span class=\"date\">publi\u00e9 le <time>26 Janvier 2016 \u00e0 13:36<\/time><\/span><\/div>\n<div class=\"content\">\u00a0http:\/\/www.directmatin.fr\/hi-tech\/2016-01-26\/faraday-project-des-vetements-contre-les-ondes-et-les-hackers-721310<\/div>\n<\/div>\n<\/div>\n<\/div>\n","protected":false},"excerpt":{"rendered":"<p>La collection de cette start-up vise les urbains connect\u00e9s. [\u00a9 The Faraday Project] TwitterFacebookGooglePlusPinterestLinkedin Prot\u00e9ger son corps contre les ondes \u00e9mises par nos smartphones, mais aussi se prot\u00e9ger contre les [&hellip;]<\/p>\n","protected":false},"author":91,"featured_media":1790,"comment_status":"open","ping_status":"open","sticky":false,"template":"","format":"standard","meta":{"footnotes":""},"categories":[20],"tags":[186],"class_list":["post-1789","post","type-post","status-publish","format-standard","has-post-thumbnail","hentry","category-persomag","tag-technologie"],"translation":{"provider":"WPGlobus","version":"3.0.2","language":"en","enabled_languages":["fr","en"],"languages":{"fr":{"title":true,"content":true,"excerpt":false},"en":{"title":false,"content":false,"excerpt":false}}},"aioseo_notices":[],"_links":{"self":[{"href":"https:\/\/persoclo.fr\/en\/wp-json\/wp\/v2\/posts\/1789","targetHints":{"allow":["GET"]}}],"collection":[{"href":"https:\/\/persoclo.fr\/en\/wp-json\/wp\/v2\/posts"}],"about":[{"href":"https:\/\/persoclo.fr\/en\/wp-json\/wp\/v2\/types\/post"}],"author":[{"embeddable":true,"href":"https:\/\/persoclo.fr\/en\/wp-json\/wp\/v2\/users\/91"}],"replies":[{"embeddable":true,"href":"https:\/\/persoclo.fr\/en\/wp-json\/wp\/v2\/comments?post=1789"}],"version-history":[{"count":1,"href":"https:\/\/persoclo.fr\/en\/wp-json\/wp\/v2\/posts\/1789\/revisions"}],"predecessor-version":[{"id":1791,"href":"https:\/\/persoclo.fr\/en\/wp-json\/wp\/v2\/posts\/1789\/revisions\/1791"}],"wp:featuredmedia":[{"embeddable":true,"href":"https:\/\/persoclo.fr\/en\/wp-json\/wp\/v2\/media\/1790"}],"wp:attachment":[{"href":"https:\/\/persoclo.fr\/en\/wp-json\/wp\/v2\/media?parent=1789"}],"wp:term":[{"taxonomy":"category","embeddable":true,"href":"https:\/\/persoclo.fr\/en\/wp-json\/wp\/v2\/categories?post=1789"},{"taxonomy":"post_tag","embeddable":true,"href":"https:\/\/persoclo.fr\/en\/wp-json\/wp\/v2\/tags?post=1789"}],"curies":[{"name":"wp","href":"https:\/\/api.w.org\/{rel}","templated":true}]}}