{"id":1719,"date":"2016-01-24T17:52:07","date_gmt":"2016-01-24T16:52:07","guid":{"rendered":"http:\/\/persoclo.fr\/?p=1719"},"modified":"2016-01-24T17:52:07","modified_gmt":"2016-01-24T16:52:07","slug":"pourquoi-ne-faites-vous-jamais-la-meme-taille-de-vetement-dans-les-magasins","status":"publish","type":"post","link":"https:\/\/persoclo.fr\/en\/pourquoi-ne-faites-vous-jamais-la-meme-taille-de-vetement-dans-les-magasins\/","title":{"rendered":"Pourquoi ne faites-vous jamais la m\u00eame taille de v\u00eatement dans les magasins ?"},"content":{"rendered":"<h2>Vous ne comprenez pas pourquoi selon les boutiques votre taille change ? Nous avons la r\u00e9ponse.<\/h2>\n<p style=\"text-align: justify;\">Alors oui vous avez bien pris deux kilos pendant les f\u00eates de No\u00ebl, mais est-ce que \u00e7a justifie que tout d&#8217;un coup vous passiez d&#8217;un 40 \u00e0 un 42 ? On le sait, avec la multitude de marques et de boutiques r\u00e9elles ou en ligne, il est toujours conseill\u00e9 d&#8217;essayer ses v\u00eatements avant de les acheter, tant chaque marque semble tailler leurs fringues comme elle le veut. Mais ce qui vous fait vous arracher les cheveux est en r\u00e9alit\u00e9 une astuce marketing tr\u00e8s bien rod\u00e9e. En effet, comme vous en parlait ce matin Camille Combal, les marques utilisent le <b>vanity size<\/b>. Qu\u00e9saco ? On vous explique.<\/p>\n<p style=\"text-align: justify;\">Afin de s\u00e9duire des client(e)s soucieux-ses d&#8217;\u00eatre flatt\u00e9((e)s dans leurs v\u00eatements, certaines marques d\u00e9cident de mentir un peu sur les tailles afin que la client\u00e8le soit plus contente de porter cette marque et revienne dans la boutique. En clair, alors que vous faites du 40, la marque indique du 38. R\u00e9sultat : vous vous sentez mieux et vous revenez dans la boutique. \u00c0 d\u00e9couvrir \u00e9galement : La couleur de nos v\u00eatements traduit-elle notre personnalit\u00e9 ?<\/p>\n<p style=\"text-align: justify;\">N&#8217;oubliez pas, vous pouvez retrouver la playlist Pop Rock Electro de Virgin Radio ainsi que l\u2019univers de la radio : les webradios, les podcasts, les articles, les vid\u00e9os, Virgin Radio TV et les titres pass\u00e9s \u00e0 l&#8217;antenne sur l&#8217;application gratuite et disponible sur iPhone et Android.<\/p>\n<p style=\"text-align: justify;\">Cr\u00e9dit Photo: Universal Pictures International France<\/p>\n<p style=\"text-align: justify;\">Publi\u00e9 il y a 13 jours par Lucas Lauer<\/p>\n<p>http:\/\/www.virginradio.fr\/pourquoi-ne-faites-vous-jamais-la-meme-taille-de-vetement-dans-les-magasins-a489279.html<\/p>\n","protected":false},"excerpt":{"rendered":"<p>Vous ne comprenez pas pourquoi selon les boutiques votre taille change ? Nous avons la r\u00e9ponse. Alors oui vous avez bien pris deux kilos pendant les f\u00eates de No\u00ebl, mais [&hellip;]<\/p>\n","protected":false},"author":91,"featured_media":1720,"comment_status":"open","ping_status":"open","sticky":false,"template":"","format":"standard","meta":{"footnotes":""},"categories":[20],"tags":[181],"class_list":["post-1719","post","type-post","status-publish","format-standard","has-post-thumbnail","hentry","category-persomag","tag-taille"],"translation":{"provider":"WPGlobus","version":"3.0.2","language":"en","enabled_languages":["fr","en"],"languages":{"fr":{"title":true,"content":true,"excerpt":false},"en":{"title":false,"content":false,"excerpt":false}}},"aioseo_notices":[],"_links":{"self":[{"href":"https:\/\/persoclo.fr\/en\/wp-json\/wp\/v2\/posts\/1719","targetHints":{"allow":["GET"]}}],"collection":[{"href":"https:\/\/persoclo.fr\/en\/wp-json\/wp\/v2\/posts"}],"about":[{"href":"https:\/\/persoclo.fr\/en\/wp-json\/wp\/v2\/types\/post"}],"author":[{"embeddable":true,"href":"https:\/\/persoclo.fr\/en\/wp-json\/wp\/v2\/users\/91"}],"replies":[{"embeddable":true,"href":"https:\/\/persoclo.fr\/en\/wp-json\/wp\/v2\/comments?post=1719"}],"version-history":[{"count":1,"href":"https:\/\/persoclo.fr\/en\/wp-json\/wp\/v2\/posts\/1719\/revisions"}],"predecessor-version":[{"id":1721,"href":"https:\/\/persoclo.fr\/en\/wp-json\/wp\/v2\/posts\/1719\/revisions\/1721"}],"wp:featuredmedia":[{"embeddable":true,"href":"https:\/\/persoclo.fr\/en\/wp-json\/wp\/v2\/media\/1720"}],"wp:attachment":[{"href":"https:\/\/persoclo.fr\/en\/wp-json\/wp\/v2\/media?parent=1719"}],"wp:term":[{"taxonomy":"category","embeddable":true,"href":"https:\/\/persoclo.fr\/en\/wp-json\/wp\/v2\/categories?post=1719"},{"taxonomy":"post_tag","embeddable":true,"href":"https:\/\/persoclo.fr\/en\/wp-json\/wp\/v2\/tags?post=1719"}],"curies":[{"name":"wp","href":"https:\/\/api.w.org\/{rel}","templated":true}]}}