{"id":1382,"date":"2016-01-14T05:30:34","date_gmt":"2016-01-14T04:30:34","guid":{"rendered":"http:\/\/persoclo.fr\/?p=1382"},"modified":"2020-01-17T00:10:52","modified_gmt":"2020-01-16T23:10:52","slug":"a-lance-ligne-de-vetements-personnes-handicapees","status":"publish","type":"post","link":"https:\/\/persoclo.fr\/en\/a-lance-ligne-de-vetements-personnes-handicapees\/","title":{"rendered":"Elle a lanc\u00e9 une ligne de v\u00eatements pour personnes handicap\u00e9es"},"content":{"rendered":"<p style=\"text-align: justify;\">Olivier GUERRIN pour L&#8217;\u00c9tudiant<\/p>\n<p style=\"text-align: justify;\">Les v\u00eatements Constant &amp; Zo\u00e9 sont pens\u00e9s pour \u201cdes personnes ayant un handicap moteur ou atteintes de troubles intellectuels ou de retard mental\u201d, pr\u00e9cise Sarah, 26\u00a0ans, cr\u00e9atrice de la marque lanc\u00e9e en janvier\u00a02015. La jeune femme a v\u00e9cu les probl\u00e9matiques li\u00e9es au handicap aux c\u00f4t\u00e9s de son fr\u00e8re, Constant, 22\u00a0ans, pour qui s\u2019habiller seul a toujours relev\u00e9 du parcours du combattant.<\/p>\n<h3 class=\"inter\" style=\"text-align: justify;\">10 mod\u00e8les de v\u00eatements propos\u00e9s<\/h3>\n<p style=\"text-align: justify;\">Les v\u00eatements adapt\u00e9s permettent aux enfants \u2013 et aux adultes \u2013 en situation de handicap de gagner en autonomie. La ligne Constant &amp; Zo\u00e9 propose aujourd&#8217;hui 10\u00a0mod\u00e8les diff\u00e9rents, dont &#8220;une \u00e9charpe aux couleurs flashy&#8221;, qui fait aussi bavoir. &#8220;C&#8217;est plus valorisant qu&#8217;une serviette pour des enfants qui salivent beaucoup sans pouvoir avaler leur salive&#8221;, justifie Sarah.<\/p>\n<p style=\"text-align: justify;\">Autre accessoire malin\u00a0: le &#8220;coussin d&#8217;habillage&#8221;. Il permet de &#8220;s&#8217;entra\u00eener \u00e0 utiliser les outils de fermeture habituels du pr\u00eat-\u00e0-porter, comme les fermetures \u00c9clair, les boutons ou les lacets&#8221;. Sarah propose aussi un manteau pour personne en fauteuil roulant. &#8220;Plus court \u00e0 l&#8217;arri\u00e8re et incurv\u00e9, pour ne pas se prendre dans les roues. Plus long \u00e0 l&#8217;avant, pour \u00eatre bien couvert jusqu&#8217;aux genoux&#8221;, d\u00e9taille-t-elle.<\/p>\n<h3 class=\"inter\" style=\"text-align: justify;\">Un r\u00e9el engouement<\/h3>\n<p style=\"text-align: justify;\">Son projet a commenc\u00e9 \u00e0 voir le jour en 2012, dans le cadre d&#8217;un travail de cr\u00e9ation virtuelle d&#8217;entreprise pendant sa troisi\u00e8me ann\u00e9e \u00e0 l&#8217;ESDES Lyon, une \u00e9cole de commerce. Pendant son master en management et strat\u00e9gie de l&#8217;entreprise, en alternance, l&#8217;\u00e9tudiante a continu\u00e9 d&#8217;y travailler &#8220;le soir et les week-ends&#8221;. Pragmatique, elle a conjugu\u00e9 son \u00e9tude de march\u00e9 avec son m\u00e9moire de fin d&#8217;\u00e9tudes.<\/p>\n<h3 class=\"inter\" style=\"text-align: justify;\">Une centaine de commandes<\/h3>\n<p style=\"text-align: justify;\">Depuis 2014, elle s&#8217;attelle \u00e0 d\u00e9velopper son entreprise. Son parti pris\u00a0: &#8220;Pas de sur-mesure, mais du pr\u00eat-\u00e0-porter, pour que le parent d&#8217;un enfant handicap\u00e9 puisse aller commander sur Internet et recevoir l&#8217;article en 3 \u00e0 5\u00a0jours, comme tout le monde.&#8221; En novembre\u00a02015, Sarah s&#8217;appr\u00eatait \u00e0 exp\u00e9dier une centaine de commandes.<\/p>\n<p class=\"authors signature\"><span class=\"auteur\"><em>Isabelle Maradan<\/em> <\/span><br \/>\n<span class=\"date\"><time datetime=\"2016-01-12 11:08:39\">Mardi 12 janvier 2016<\/time><\/span><\/p>\n<p>http:\/\/www.letudiant.fr\/jobsstages\/creation-entreprise\/ces-jeunes-qui-changent-la-vie-de-millions-de-personnes\/sarah-26-ans-a-lance-une-ligne-de-vetements-pour-personnes-handicapees.html<\/p>\n","protected":false},"excerpt":{"rendered":"<p>Olivier GUERRIN pour L&#8217;\u00c9tudiant Les v\u00eatements Constant &amp; Zo\u00e9 sont pens\u00e9s pour \u201cdes personnes ayant un handicap moteur ou atteintes de troubles intellectuels ou de retard mental\u201d, pr\u00e9cise Sarah, 26\u00a0ans, [&hellip;]<\/p>\n","protected":false},"author":91,"featured_media":1383,"comment_status":"open","ping_status":"open","sticky":false,"template":"","format":"standard","meta":{"footnotes":""},"categories":[20],"tags":[141],"class_list":["post-1382","post","type-post","status-publish","format-standard","has-post-thumbnail","hentry","category-persomag","tag-constant-zoe"],"translation":{"provider":"WPGlobus","version":"3.0.2","language":"en","enabled_languages":["fr","en"],"languages":{"fr":{"title":true,"content":true,"excerpt":false},"en":{"title":false,"content":false,"excerpt":false}}},"aioseo_notices":[],"_links":{"self":[{"href":"https:\/\/persoclo.fr\/en\/wp-json\/wp\/v2\/posts\/1382","targetHints":{"allow":["GET"]}}],"collection":[{"href":"https:\/\/persoclo.fr\/en\/wp-json\/wp\/v2\/posts"}],"about":[{"href":"https:\/\/persoclo.fr\/en\/wp-json\/wp\/v2\/types\/post"}],"author":[{"embeddable":true,"href":"https:\/\/persoclo.fr\/en\/wp-json\/wp\/v2\/users\/91"}],"replies":[{"embeddable":true,"href":"https:\/\/persoclo.fr\/en\/wp-json\/wp\/v2\/comments?post=1382"}],"version-history":[{"count":2,"href":"https:\/\/persoclo.fr\/en\/wp-json\/wp\/v2\/posts\/1382\/revisions"}],"predecessor-version":[{"id":17416,"href":"https:\/\/persoclo.fr\/en\/wp-json\/wp\/v2\/posts\/1382\/revisions\/17416"}],"wp:featuredmedia":[{"embeddable":true,"href":"https:\/\/persoclo.fr\/en\/wp-json\/wp\/v2\/media\/1383"}],"wp:attachment":[{"href":"https:\/\/persoclo.fr\/en\/wp-json\/wp\/v2\/media?parent=1382"}],"wp:term":[{"taxonomy":"category","embeddable":true,"href":"https:\/\/persoclo.fr\/en\/wp-json\/wp\/v2\/categories?post=1382"},{"taxonomy":"post_tag","embeddable":true,"href":"https:\/\/persoclo.fr\/en\/wp-json\/wp\/v2\/tags?post=1382"}],"curies":[{"name":"wp","href":"https:\/\/api.w.org\/{rel}","templated":true}]}}