{"id":1321,"date":"2016-01-12T02:26:26","date_gmt":"2016-01-12T01:26:26","guid":{"rendered":"http:\/\/persoclo.fr\/?p=1321"},"modified":"2016-01-12T02:26:26","modified_gmt":"2016-01-12T01:26:26","slug":"ibsm-linstitut-bordelais-de-stylisme-modelisme","status":"publish","type":"post","link":"https:\/\/persoclo.fr\/en\/ibsm-linstitut-bordelais-de-stylisme-modelisme\/","title":{"rendered":"IBSM : L\u2019institut Bordelais de Stylisme Mod\u00e9lisme"},"content":{"rendered":"<p style=\"text-align: justify;\">Depuis le 13 janvier 2012, le Dipl\u00f4me de &#8220;Styliste Mod\u00e9liste&#8221; d\u2019IBSM &#8211; Titre de niveau III &#8211; est enregistr\u00e9 au RNCP (registre National des certifications professionnelles)<\/p>\n<p style=\"text-align: justify;\">Les \u00e9tudiants peuvent d\u00e9sormais choisir, apr\u00e8s leur Pr\u00e9pa \u00ab Mode et Textile \u00bb &#8211; mise \u00e0 niveau sp\u00e9cialis\u00e9e mode &#8211; entre trois formations en 2 ans, le dipl\u00f4me de Styliste Mod\u00e9liste (DSM) et le BTS Design de mode, textile et environnement et le C2M, Certificat de mode et marketing, Industrie du luxe.<\/p>\n<p style=\"text-align: justify;\">Gr\u00e2ce \u00e0 cette reconnaissance, int\u00e9grer l\u2019IBSM, c\u2019est b\u00e9n\u00e9ficier d\u2019un cursus qui associe la cr\u00e9ativit\u00e9 et la technique avec des stages en France et \u00e0 l\u2019international.<\/p>\n<p style=\"text-align: justify;\">&#8220;Les cr\u00e9atifs de demain \u00e9tudient \u00e0 IBSM&#8221; :<\/p>\n<p style=\"text-align: justify;\">L\u2019IBSM vise \u00e0 d\u00e9velopper d\u00e9marche cr\u00e9ative, ma\u00eetrise des outils et techniques de la mode et culture g\u00e9n\u00e9rale artistique pour que chaque \u00e9tudiant s\u2019\u00e9panouisse et acc\u00e8de aux diff\u00e9rents m\u00e9tiers de la fili\u00e8re textile tels que styliste de mode, mod\u00e9liste, chef de produit, responsable de collection, acheteur, responsable en communication mode, technicien qualit\u00e9 et bien d\u2019autres.<\/p>\n<p style=\"text-align: justify;\">Notre s\u00e9lection se fait sur entretien de pr\u00e9-s\u00e9lection puis si la candidature est retenue, d\u2019un entretien avec la direction. Nous demandons un dossier illustrant les travaux d\u00e9j\u00e0 effectu\u00e9s et centres d\u2019int\u00e9r\u00eats et \u00e9galement une grande motivation.<\/p>\n<p style=\"text-align: justify;\">Rendez-vous d\u2019entretien de pr\u00e9-s\u00e9lection \u00e0 prendre par mail : contact@ibsm-mode.com ou par t\u00e9l\u00e9phone au 05 56 79 28 79.<\/p>\n<p style=\"text-align: justify;\">Nos formations<\/p>\n<p style=\"text-align: justify;\">L\u2019IBSM propose 3 formations initiale en Design de mode, Textile, et Mod\u00e9lisme : &#8211; Pr\u00e9pa Option Mode et Textile (un an) : c\u2019est une MANAA sp\u00e9cialis\u00e9e Mode : L\u2019apprentissage de techniques de base d\u2019expression graphique et plastique, du mod\u00e9lisme et de la cr\u00e9ation textile.<\/p>\n<p style=\"text-align: justify;\">&#8211; BTS Design de Mode, Textile et environnement (2 ans) : La conception du v\u00eatement jusqu\u2019\u00e0 la r\u00e9alisation des dessins techniques pour la fabrication externe ou interne \u00e0 l\u2019entreprise.<\/p>\n<p style=\"text-align: justify;\">&#8211; Dipl\u00f4me de Styliste Mod\u00e9liste (2 ans) : La conception du v\u00eatement jusqu\u2019\u00e0 la r\u00e9alisation \u00e0 plat ou en volume du prototype.<\/p>\n<p style=\"text-align: justify;\">&#8211; Certificat de mode et Marketing, Industrie du Luxe (2 ans) : Une formation cibl\u00e9e d\u2019apr\u00e8s les grands principes de marketing et communication exclusivement adapt\u00e9 au produit mode.<\/p>\n<p style=\"text-align: justify;\">Journ\u00e9es Portes Ouvertes :<\/p>\n<p style=\"text-align: justify;\">Samedi 12 d\u00e9cembre 2015 de 10h \u00e0 17h. Samedi 23 janvier 2016 de 10h \u00e0 17h. Samedi 9 avril 2016 de 10h \u00e0 17h. D\u00e9fil\u00e9 de fin d\u2019ann\u00e9e le 20 juin 2016.<\/p>\n<p style=\"text-align: justify;\">L\u2019IBSM vous propose de faire vos \u00e9tudes int\u00e9gralement \u00e0 Bordeaux.<\/p>\n<p style=\"text-align: justify;\">IBSM (institut bordelais de Stylisme Mod\u00e9lisme) 11 Place des quinconces 33000 Bordeaux T\u00e9l. : 05 56 79 28 79<\/p>\n<p style=\"text-align: justify;\">Contact : contact@ibsm-mode.com<\/p>\n<p style=\"text-align: justify;\">http:\/\/m.studyrama.com\/formations\/fiches-metiers\/mode-textile\/ibsm-l-institut-bordelais-de-stylisme-modelisme-101737<\/p>\n<p style=\"text-align: justify;\">\n","protected":false},"excerpt":{"rendered":"<p>Depuis le 13 janvier 2012, le Dipl\u00f4me de &#8220;Styliste Mod\u00e9liste&#8221; d\u2019IBSM &#8211; Titre de niveau III &#8211; est enregistr\u00e9 au RNCP (registre National des certifications professionnelles) Les \u00e9tudiants peuvent d\u00e9sormais [&hellip;]<\/p>\n","protected":false},"author":91,"featured_media":1329,"comment_status":"open","ping_status":"open","sticky":false,"template":"","format":"standard","meta":{"footnotes":""},"categories":[20],"tags":[137],"class_list":["post-1321","post","type-post","status-publish","format-standard","has-post-thumbnail","hentry","category-persomag","tag-ibsm"],"translation":{"provider":"WPGlobus","version":"3.0.2","language":"en","enabled_languages":["fr","en"],"languages":{"fr":{"title":true,"content":true,"excerpt":false},"en":{"title":false,"content":false,"excerpt":false}}},"aioseo_notices":[],"_links":{"self":[{"href":"https:\/\/persoclo.fr\/en\/wp-json\/wp\/v2\/posts\/1321","targetHints":{"allow":["GET"]}}],"collection":[{"href":"https:\/\/persoclo.fr\/en\/wp-json\/wp\/v2\/posts"}],"about":[{"href":"https:\/\/persoclo.fr\/en\/wp-json\/wp\/v2\/types\/post"}],"author":[{"embeddable":true,"href":"https:\/\/persoclo.fr\/en\/wp-json\/wp\/v2\/users\/91"}],"replies":[{"embeddable":true,"href":"https:\/\/persoclo.fr\/en\/wp-json\/wp\/v2\/comments?post=1321"}],"version-history":[{"count":8,"href":"https:\/\/persoclo.fr\/en\/wp-json\/wp\/v2\/posts\/1321\/revisions"}],"predecessor-version":[{"id":1330,"href":"https:\/\/persoclo.fr\/en\/wp-json\/wp\/v2\/posts\/1321\/revisions\/1330"}],"wp:featuredmedia":[{"embeddable":true,"href":"https:\/\/persoclo.fr\/en\/wp-json\/wp\/v2\/media\/1329"}],"wp:attachment":[{"href":"https:\/\/persoclo.fr\/en\/wp-json\/wp\/v2\/media?parent=1321"}],"wp:term":[{"taxonomy":"category","embeddable":true,"href":"https:\/\/persoclo.fr\/en\/wp-json\/wp\/v2\/categories?post=1321"},{"taxonomy":"post_tag","embeddable":true,"href":"https:\/\/persoclo.fr\/en\/wp-json\/wp\/v2\/tags?post=1321"}],"curies":[{"name":"wp","href":"https:\/\/api.w.org\/{rel}","templated":true}]}}