{"id":1295,"date":"2016-01-08T03:31:58","date_gmt":"2016-01-08T02:31:58","guid":{"rendered":"http:\/\/persoclo.fr\/?p=1295"},"modified":"2016-01-08T03:37:36","modified_gmt":"2016-01-08T02:37:36","slug":"wattrelos-des-boites-a-vetements-ecologiques-et-solidaires","status":"publish","type":"post","link":"https:\/\/persoclo.fr\/en\/wattrelos-des-boites-a-vetements-ecologiques-et-solidaires\/","title":{"rendered":"Wattrelos : des bo\u00eetes \u00e0 v\u00eatements \u00e9cologiques et solidaires"},"content":{"rendered":"<p style=\"text-align: justify;\">La soci\u00e9t\u00e9 Pas par pas n\u2019a \u00e9t\u00e9 fond\u00e9e qu\u2019en avril 2014, mais d\u00e9j\u00e0, ses bo\u00eetes \u00e0 v\u00eatements fleurissent aux quatre coins de la m\u00e9tropole et m\u00eame au-del\u00e0. Chaque mois, J\u00e9r\u00f4me Vandevoorde collecte plus de cent tonnes de v\u00eatements. Prochaine \u00e9tape: d\u00e9velopper le tri en embauchant des personnes handicap\u00e9es.<\/p>\n<p style=\"text-align: justify;\">Donner une deuxi\u00e8me vie aux v\u00eatements qui encombrent les armoires, ce n\u2019est pas encore un r\u00e9flexe. \u00ab En France, 17 kg de v\u00eatements par habitant et par an sont jet\u00e9s dans les poubelles \u00bb, rel\u00e8ve J\u00e9r\u00f4me Vandevoorde. Pour la m\u00e9tropole lilloise, \u00e7a repr\u00e9sente pas loin de 200 000 tonnes. \u00ab Non seulement \u00e7a consomme de l\u2019\u00e9nergie parce qu\u2019il faut les d\u00e9truire, mais \u00e7a co\u00fbte cher en imp\u00f4t ! \u00bb pr\u00e9cise le jeune entrepreneur de 29 ans.<\/p>\n<p style=\"text-align: justify;\">\n<p style=\"text-align: justify;\">Ancien de la grande distribution, il a une id\u00e9e bas\u00e9e sur le d\u00e9veloppement durable et l\u2019\u00e9conomie solidaire : proposer aux bailleurs et aux villes de s\u2019\u00e9quiper en bo\u00eetes \u00e0 v\u00eatements. Il n\u2019a pas \u00e0 chercher bien loin pour fabriquer ces containers, puisque c\u2019est le m\u00e9tier de son p\u00e8re, fondateur de M\u00e9tal Sud voici dix ans, une soci\u00e9t\u00e9 coop\u00e9rative de production qui emploie une vingtaine de personnes handicap\u00e9es au Sartel. Restait \u00e0 convaincre des partenaires.<\/p>\n<p style=\"text-align: justify;\">Form\u00e9es au tri<\/p>\n<p style=\"text-align: justify;\">Ses anciens contacts professionnels lui permettent d\u2019implanter neuf bo\u00eetes \u00e0 v\u00eatements sur des parkings de supermarch\u00e9, comme au Match Mercure de Tourcoing. Mais tr\u00e8s vite, le bailleur LMH lui fait confiance et lui commande 190 containers. Un vrai booster ! S\u2019ensuivent des contrats avec Partenord (une centaine de bo\u00eetes sur le territoire de la m\u00e9tropole lilloise), et des villes comme Wasquehal, Lys-lez-Lannoy, Lesquin ou Sequedin, \u00e0 raison d\u2019un container g\u00e9olocalis\u00e9 pour 1 400 habitants, selon une norme nationale.<\/p>\n<p style=\"text-align: justify;\">Chacun choisit sa couleur. Pas par pas, labellis\u00e9 Eco TLC, se charge ensuite de collecter les v\u00eatements, chaussures et autres sacs d\u00e9pos\u00e9s une fois par semaine (trois fois dans les centres commerciaux, comme \u00e0 Carrefour Wasquehal). \u00ab On revend 98 % de ces v\u00eatements \u00e0 un collecteur boulonnais, qui va les trier pour son propre compte, explique J\u00e9r\u00f4me Vandevoorde, rejoint par son fr\u00e8re dans l\u2019aventure. Les 2 % restants, on les trie sur place : cela permet \u00e0 deux personnes de l\u2019entreprise de se former \u00e0 cette t\u00e2che. \u00bb<\/p>\n<p style=\"text-align: justify;\">D\u00e9veloppement national d\u2019ici fin 2017<\/p>\n<p style=\"text-align: justify;\">Car le jeune homme voit loin. D\u2019ici un an, il esp\u00e8re avoir mis sur pied une petite structure de tri \u00e0 Wattrelos, en employant une dizaine de personnes handicap\u00e9es. Pour ce faire, il compte obtenir l\u2019agr\u00e9ment d\u2019entreprise adapt\u00e9e, et retournera dans les semaines qui viennent sur les bancs de la fac pour apprendre \u00e0 g\u00e9rer une telle entreprise. \u00ab C\u2019est une continuit\u00e9 avec la SCOP de mon p\u00e8re, explique J\u00e9r\u00f4me Vandevoorde. Handicap ne veut pas dire fauteuil ! Et on veut montrer qu\u2019on peut gagner de l\u2019argent intelligemment. \u00bb<\/p>\n<p style=\"text-align: justify;\">Comme nombre de collectivit\u00e9s, la MEL souhaite capter 70 \u00e0 80 % des v\u00eatements jet\u00e9s \u00e0 la poubelle. La marge de progression de Pas par pas est telle que J\u00e9r\u00f4me Vandevoorde ambitionne un d\u00e9veloppement national d\u2019ici fin 2017.<\/p>\n<p style=\"text-align: justify;\">Bo\u00eetes \u00e0 v\u00eatements : les bonnes pratiques<br \/>\nPour \u00eatre efficace, le d\u00e9p\u00f4t de v\u00eatements et autres accessoires textiles doit r\u00e9pondre \u00e0 quelques crit\u00e8res. Pas de panique, ils sont simples \u00e0 respecter !<\/p>\n<p style=\"text-align: justify;\">\u2013 Chacun peut d\u00e9poser des v\u00eatements, sous-v\u00eatements, chaussures (tongs, sandales, talons, baskets etc.), linge de maison (draps, serviettes) et m\u00eame accessoires (\u00e9charpes, gants, mouchoirs, foulards, bonnets).<\/p>\n<p style=\"text-align: justify;\">\u2013 Les textiles doivent \u00eatre propres et secs, et les chaussures li\u00e9es par paires.<\/p>\n<p style=\"text-align: justify;\">\u2013 Le tout doit \u00eatre d\u00e9pos\u00e9 dans des sacs correctement ferm\u00e9s.<\/p>\n<p style=\"text-align: justify;\">Que deviennent les articles d\u00e9pos\u00e9s ?<br \/>\nPour l\u2019heure, Pas par pas revend \u00e0 un collecteur les quelque cent tonnes de v\u00eatements d\u00e9pos\u00e9s chaque mois dans ses containers. Ils sont alors majoritairement r\u00e9utilis\u00e9s apr\u00e8s avoir \u00e9t\u00e9 tri\u00e9s. Dans ce cas, ils sont vendus en boutique solidaire, ou dans des magasins sp\u00e9cialis\u00e9s dans les v\u00eatements d\u2019occasion. Mais si leur \u00e9tat ne le permet pas, s\u2019ils sont t\u00e2ch\u00e9s, trop us\u00e9s, ils sont transform\u00e9s en isolant thermique. Autres d\u00e9bouch\u00e9s : la fabrication de papier et de carton.<\/p>\n<p style=\"text-align: justify;\">PAR PERRINE DI\u00c9VAL<\/p>\n<p style=\"text-align: justify;\">Publi\u00e9 le\u00a005\/01\/2016<\/p>\n<p style=\"text-align: justify;\">http:\/\/m.lavoixdunord.fr\/region\/wattrelos-des-boites-a-vetements-ecologiques-et-solidaires-ia24b58801n3254364<\/p>\n<p style=\"text-align: justify;\">\n<p style=\"text-align: justify;\">\n<p style=\"text-align: justify;\">\n<p style=\"text-align: justify;\">\n","protected":false},"excerpt":{"rendered":"<p>La soci\u00e9t\u00e9 Pas par pas n\u2019a \u00e9t\u00e9 fond\u00e9e qu\u2019en avril 2014, mais d\u00e9j\u00e0, ses bo\u00eetes \u00e0 v\u00eatements fleurissent aux quatre coins de la m\u00e9tropole et m\u00eame au-del\u00e0. Chaque mois, J\u00e9r\u00f4me [&hellip;]<\/p>\n","protected":false},"author":91,"featured_media":1309,"comment_status":"open","ping_status":"open","sticky":false,"template":"","format":"standard","meta":{"footnotes":""},"categories":[20],"tags":[136],"class_list":["post-1295","post","type-post","status-publish","format-standard","has-post-thumbnail","hentry","category-persomag","tag-solidaire"],"translation":{"provider":"WPGlobus","version":"3.0.2","language":"en","enabled_languages":["fr","en"],"languages":{"fr":{"title":true,"content":true,"excerpt":false},"en":{"title":false,"content":false,"excerpt":false}}},"aioseo_notices":[],"_links":{"self":[{"href":"https:\/\/persoclo.fr\/en\/wp-json\/wp\/v2\/posts\/1295","targetHints":{"allow":["GET"]}}],"collection":[{"href":"https:\/\/persoclo.fr\/en\/wp-json\/wp\/v2\/posts"}],"about":[{"href":"https:\/\/persoclo.fr\/en\/wp-json\/wp\/v2\/types\/post"}],"author":[{"embeddable":true,"href":"https:\/\/persoclo.fr\/en\/wp-json\/wp\/v2\/users\/91"}],"replies":[{"embeddable":true,"href":"https:\/\/persoclo.fr\/en\/wp-json\/wp\/v2\/comments?post=1295"}],"version-history":[{"count":14,"href":"https:\/\/persoclo.fr\/en\/wp-json\/wp\/v2\/posts\/1295\/revisions"}],"predecessor-version":[{"id":1310,"href":"https:\/\/persoclo.fr\/en\/wp-json\/wp\/v2\/posts\/1295\/revisions\/1310"}],"wp:featuredmedia":[{"embeddable":true,"href":"https:\/\/persoclo.fr\/en\/wp-json\/wp\/v2\/media\/1309"}],"wp:attachment":[{"href":"https:\/\/persoclo.fr\/en\/wp-json\/wp\/v2\/media?parent=1295"}],"wp:term":[{"taxonomy":"category","embeddable":true,"href":"https:\/\/persoclo.fr\/en\/wp-json\/wp\/v2\/categories?post=1295"},{"taxonomy":"post_tag","embeddable":true,"href":"https:\/\/persoclo.fr\/en\/wp-json\/wp\/v2\/tags?post=1295"}],"curies":[{"name":"wp","href":"https:\/\/api.w.org\/{rel}","templated":true}]}}