{"id":1261,"date":"2016-01-08T02:26:33","date_gmt":"2016-01-08T01:26:33","guid":{"rendered":"http:\/\/persoclo.fr\/?p=1261"},"modified":"2016-01-08T02:30:38","modified_gmt":"2016-01-08T01:30:38","slug":"des-vetements-produits-avec-des-dechets-plastique-repeches-en-mer","status":"publish","type":"post","link":"https:\/\/persoclo.fr\/en\/des-vetements-produits-avec-des-dechets-plastique-repeches-en-mer\/","title":{"rendered":"Des v\u00eatements produits avec des d\u00e9chets plastique rep\u00each\u00e9s en mer"},"content":{"rendered":"<p style=\"text-align: justify;\">Voil\u00e0 une fa\u00e7on de lutter contre la pollution. En Espagne, des pulls et des sous-v\u00eatements vont \u00eatre fabriqu\u00e9s gr\u00e2ce aux d\u00e9chets collect\u00e9s par des p\u00eacheurs en M\u00e9diterran\u00e9e.<\/p>\n<p style=\"text-align: justify;\">Des v\u00eatements produits avec des d\u00e9chets plastique rep\u00each\u00e9s en mer<\/p>\n<p style=\"text-align: justify;\">Cr\u00e9dit M\u00e9dia : Virginie Garin<\/p>\n<p style=\"text-align: justify;\">Cr\u00e9dit Image : AFP \/ Archives, Jewel Samad<\/p>\n<p style=\"text-align: justify;\">Entre les crabes et les gambas, les p\u00eacheurs de Villajoyosa r\u00e9cup\u00e8rent tous les jours des bouteilles, des sacs, toutes sortes de d\u00e9chets en plastique. La M\u00e9diterran\u00e9e est la mer la plus pollu\u00e9e au monde par le plastique. Une estimation scientifique parle 250 milliards de d\u00e9chets. Cette pollution pourrait devenir une mati\u00e8re premi\u00e8re pas ch\u00e8re. Depuis le d\u00e9but du mois de d\u00e9cembre dernier, des p\u00eacheurs ont \u00e9t\u00e9 charg\u00e9s de trier tout ce qu&#8217;ils trouvent sur leurs chalutiers. Ils mettent de c\u00f4t\u00e9 les bouteilles et les flacons. Dans quelques jours, une entreprise espagnole pr\u00e8s de Valence va commencer \u00e0 les transformer en fil.<\/p>\n<p style=\"text-align: justify;\">Le plastique est nettoy\u00e9, chauff\u00e9 et recycl\u00e9 en fibres qui vont permettre de faire des v\u00eatements. La soci\u00e9t\u00e9 Ecoalf compte commercialiser sa premi\u00e8re collection cet \u00e9t\u00e9 (maillots de bain, sacs, pulls&#8230;). Il y a d\u00e9j\u00e0 des v\u00eatements produits avec des d\u00e9chets de plastique : des polaires, des anoraks ou m\u00eame des jeans. Mais les d\u00e9chets sont collect\u00e9s sur terre. L\u00e0 ce seront les premiers \u00e0 \u00eatre faits avec du plastique provenant en mer, de moins bonne qualit\u00e9. Il faut donc une technologie plus avanc\u00e9e mais prometteuse. Cette mati\u00e8re premi\u00e8re permet de remplacer le p\u00e9trole.<\/p>\n<p style=\"text-align: justify;\">Il y en a des millions de tonnes en M\u00e9diterran\u00e9e, elle est moins ch\u00e8re. En France, des p\u00eacheurs r\u00e9cup\u00e8rent eux aussi le plastique au large de Saint-Jean-de-Luz ou de Honfleur qui est transform\u00e9 cette fois en emballage de lessive et en moquette.<\/p>\n<p style=\"text-align: justify;\">http:\/\/www.rtl.fr\/actu\/sciences-environnement\/des-vetements-produits-avec-des-dechets-plastique-repeches-en-mer-7781203100<\/p>\n<p style=\"text-align: justify;\">\n","protected":false},"excerpt":{"rendered":"<p>Voil\u00e0 une fa\u00e7on de lutter contre la pollution. En Espagne, des pulls et des sous-v\u00eatements vont \u00eatre fabriqu\u00e9s gr\u00e2ce aux d\u00e9chets collect\u00e9s par des p\u00eacheurs en M\u00e9diterran\u00e9e. Des v\u00eatements produits [&hellip;]<\/p>\n","protected":false},"author":91,"featured_media":1275,"comment_status":"open","ping_status":"open","sticky":false,"template":"","format":"standard","meta":{"footnotes":""},"categories":[20],"tags":[],"class_list":["post-1261","post","type-post","status-publish","format-standard","has-post-thumbnail","hentry","category-persomag"],"translation":{"provider":"WPGlobus","version":"3.0.2","language":"en","enabled_languages":["fr","en"],"languages":{"fr":{"title":true,"content":true,"excerpt":false},"en":{"title":false,"content":false,"excerpt":false}}},"aioseo_notices":[],"_links":{"self":[{"href":"https:\/\/persoclo.fr\/en\/wp-json\/wp\/v2\/posts\/1261","targetHints":{"allow":["GET"]}}],"collection":[{"href":"https:\/\/persoclo.fr\/en\/wp-json\/wp\/v2\/posts"}],"about":[{"href":"https:\/\/persoclo.fr\/en\/wp-json\/wp\/v2\/types\/post"}],"author":[{"embeddable":true,"href":"https:\/\/persoclo.fr\/en\/wp-json\/wp\/v2\/users\/91"}],"replies":[{"embeddable":true,"href":"https:\/\/persoclo.fr\/en\/wp-json\/wp\/v2\/comments?post=1261"}],"version-history":[{"count":13,"href":"https:\/\/persoclo.fr\/en\/wp-json\/wp\/v2\/posts\/1261\/revisions"}],"predecessor-version":[{"id":1274,"href":"https:\/\/persoclo.fr\/en\/wp-json\/wp\/v2\/posts\/1261\/revisions\/1274"}],"wp:featuredmedia":[{"embeddable":true,"href":"https:\/\/persoclo.fr\/en\/wp-json\/wp\/v2\/media\/1275"}],"wp:attachment":[{"href":"https:\/\/persoclo.fr\/en\/wp-json\/wp\/v2\/media?parent=1261"}],"wp:term":[{"taxonomy":"category","embeddable":true,"href":"https:\/\/persoclo.fr\/en\/wp-json\/wp\/v2\/categories?post=1261"},{"taxonomy":"post_tag","embeddable":true,"href":"https:\/\/persoclo.fr\/en\/wp-json\/wp\/v2\/tags?post=1261"}],"curies":[{"name":"wp","href":"https:\/\/api.w.org\/{rel}","templated":true}]}}