{"id":1253,"date":"2016-01-03T18:56:46","date_gmt":"2016-01-03T17:56:46","guid":{"rendered":"http:\/\/persoclo.fr\/?p=1253"},"modified":"2016-01-18T00:55:53","modified_gmt":"2016-01-17T23:55:53","slug":"lart-textile-dici-dailleurs-exposition","status":"publish","type":"post","link":"https:\/\/persoclo.fr\/en\/lart-textile-dici-dailleurs-exposition\/","title":{"rendered":"L&#8217;art textile d&#8217;ici et d&#8217;ailleurs en exposition"},"content":{"rendered":"<h2 class=\"sous_titre\">Expos &#8211; Maison des m\u00e9moires<\/h2>\n<div class=\"date\">Du 31\/12\/2015 au 31\/01\/2016<\/div>\n<p style=\"text-align: justify;\">\u00c0 la Maison des m\u00e9moires, la 3e \u00e9dition de l&#8217;exposition des \u0153uvres d&#8217;Elizabeth Cabrol-Juignet est ouverte sur le th\u00e8me \u00abReflets d&#8217;ici et d&#8217;ailleurs\u00bb. Le travail reconnu de l&#8217;artiste utilisant toutes les techniques de l&#8217;art textile et du patchwork a \u00e9t\u00e9 mis en sc\u00e8ne par l&#8217;Association de valorisation du patrimoine mazam\u00e9tain repr\u00e9sent\u00e9e par Jacques Beaulieu. Ce dernier a d&#8217;ailleurs rendu hommage \u00e0 \u00abun beau cadeau de No\u00ebl, une \u00e9vocation des doux moments de notre enfance, un v\u00e9ritable \u00e9merveillement\u00bb. L&#8217;artiste, quant \u00e0 elle, a soulign\u00e9 \u00abl&#8217;\u00e9clectisme d\u00e9lib\u00e9r\u00e9\u00bb de son accrochage. Comme chaque ann\u00e9e on retrouve le th\u00e8me de No\u00ebl, bien s\u00fbr, calendriers de l&#8217;Avent, sc\u00e8nes bibliques, sapins enneig\u00e9s, etc., mais aussi, des silhouettes de manga, la baie de Halong, une Japonaise, des illustres et des couleurs, beaucoup de couleurs assembl\u00e9es par des techniques complexes et sophistiqu\u00e9es. Tout est pr\u00e9texte \u00e0 d\u00e9couvrir le talent et le travail immenses de l&#8217;artiste. \u00abReflets d&#8217;ici et d&#8217;ailleurs\u00bb sera visible jusqu&#8217;\u00e0 la fin janvier \u00e0 la maison des M\u00e9moires, parking des Casernes.<\/p>\n<p>En savoir plus sur http:\/\/www.ladepeche.fr\/article\/2015\/12\/31\/2247453-l-art-textile-d-ici-et-d-ailleurs-en exposition.html#LcJLQI2T01zo7UIj.99<\/p>\n","protected":false},"excerpt":{"rendered":"<p>Expos &#8211; Maison des m\u00e9moires Du 31\/12\/2015 au 31\/01\/2016 \u00c0 la Maison des m\u00e9moires, la 3e \u00e9dition de l&#8217;exposition des \u0153uvres d&#8217;Elizabeth Cabrol-Juignet est ouverte sur le th\u00e8me \u00abReflets d&#8217;ici [&hellip;]<\/p>\n","protected":false},"author":91,"featured_media":1254,"comment_status":"open","ping_status":"open","sticky":false,"template":"","format":"standard","meta":{"footnotes":""},"categories":[20],"tags":[134],"class_list":["post-1253","post","type-post","status-publish","format-standard","has-post-thumbnail","hentry","category-persomag","tag-monde"],"translation":{"provider":"WPGlobus","version":"3.0.2","language":"en","enabled_languages":["fr","en"],"languages":{"fr":{"title":true,"content":true,"excerpt":false},"en":{"title":false,"content":false,"excerpt":false}}},"aioseo_notices":[],"_links":{"self":[{"href":"https:\/\/persoclo.fr\/en\/wp-json\/wp\/v2\/posts\/1253","targetHints":{"allow":["GET"]}}],"collection":[{"href":"https:\/\/persoclo.fr\/en\/wp-json\/wp\/v2\/posts"}],"about":[{"href":"https:\/\/persoclo.fr\/en\/wp-json\/wp\/v2\/types\/post"}],"author":[{"embeddable":true,"href":"https:\/\/persoclo.fr\/en\/wp-json\/wp\/v2\/users\/91"}],"replies":[{"embeddable":true,"href":"https:\/\/persoclo.fr\/en\/wp-json\/wp\/v2\/comments?post=1253"}],"version-history":[{"count":2,"href":"https:\/\/persoclo.fr\/en\/wp-json\/wp\/v2\/posts\/1253\/revisions"}],"predecessor-version":[{"id":1439,"href":"https:\/\/persoclo.fr\/en\/wp-json\/wp\/v2\/posts\/1253\/revisions\/1439"}],"wp:featuredmedia":[{"embeddable":true,"href":"https:\/\/persoclo.fr\/en\/wp-json\/wp\/v2\/media\/1254"}],"wp:attachment":[{"href":"https:\/\/persoclo.fr\/en\/wp-json\/wp\/v2\/media?parent=1253"}],"wp:term":[{"taxonomy":"category","embeddable":true,"href":"https:\/\/persoclo.fr\/en\/wp-json\/wp\/v2\/categories?post=1253"},{"taxonomy":"post_tag","embeddable":true,"href":"https:\/\/persoclo.fr\/en\/wp-json\/wp\/v2\/tags?post=1253"}],"curies":[{"name":"wp","href":"https:\/\/api.w.org\/{rel}","templated":true}]}}